{"id":9839,"date":"2025-12-09T10:50:48","date_gmt":"2025-12-09T15:50:48","guid":{"rendered":"https:\/\/www.une.edu.pe\/Empresariales\/?p=9839"},"modified":"2025-12-09T10:50:48","modified_gmt":"2025-12-09T15:50:48","slug":"feria-por-el-dia-mundial-de-la-alimentacion-y-la-gastronomia-peruana","status":"publish","type":"post","link":"https:\/\/www.une.edu.pe\/Empresariales\/feria-por-el-dia-mundial-de-la-alimentacion-y-la-gastronomia-peruana\/","title":{"rendered":"Feria por el D\u00eda Mundial de la Alimentaci\u00f3n y la Gastronom\u00eda Peruana"},"content":{"rendered":"<p data-start=\"221\" data-end=\"677\">La Facultad de Ciencias Empresariales de la Universidad Nacional de Educaci\u00f3n Enrique Guzm\u00e1n y Valle realiz\u00f3 la <em data-start=\"338\" data-end=\"408\">Feria por el D\u00eda Mundial de la Alimentaci\u00f3n y la Gastronom\u00eda Peruana<\/em>, una jornada que reuni\u00f3 sabores y expresiones culturales, protagonizada por los estudiantes de la <strong data-start=\"516\" data-end=\"575\">Escuela Profesional de Turismo, Hoteler\u00eda y Gastronom\u00eda<\/strong>. La actividad se desarroll\u00f3 el 30 de octubre, en la cuadra 3 del cr. Trujillo, distrito del R\u00edmac.<\/p>\n<p data-start=\"679\" data-end=\"938\">La jornada tuvo como prop\u00f3sito promover la reflexi\u00f3n sobre el <strong data-start=\"743\" data-end=\"794\">derecho a una alimentaci\u00f3n adecuada y nutritiva<\/strong>, adem\u00e1s de revalorar la <strong data-start=\"819\" data-end=\"842\">gastronom\u00eda peruana<\/strong> como s\u00edmbolo de identidad cultural, motor econ\u00f3mico y expresi\u00f3n viva de la diversidad del pa\u00eds.<\/p>\n<p data-start=\"940\" data-end=\"1475\">La actividad inici\u00f3 con una ceremonia de apertura que incluy\u00f3 las palabras de bienvenida, la entonaci\u00f3n del Himno Nacional y el mensaje institucional de la <strong data-start=\"1094\" data-end=\"1129\">Dra. Gisella Lacherre Rodr\u00edguez<\/strong>, directora de la Escuela Profesional de Turismo, Hoteler\u00eda y Gastronom\u00eda, seguida de la intervenci\u00f3n representativa de un estudiante. Posteriormente, los asistentes participaron en una presentaci\u00f3n art\u00edstica y recorrieron los stands gastron\u00f3micos, acompa\u00f1ados de una variada selecci\u00f3n musical que gener\u00f3 un ambiente de alegr\u00eda e integraci\u00f3n.<\/p>\n<p data-start=\"1477\" data-end=\"1923\">Uno de los momentos m\u00e1s destacados fue la presentaci\u00f3n de la danza <strong data-start=\"1544\" data-end=\"1570\">\u201cCarnaval de Congalla\u201d<\/strong>, interpretada por los estudiantes del VI ciclo \u2013 T6 del programa de Gastronom\u00eda, del curso <em data-start=\"1662\" data-end=\"1695\">Servicios y T\u00e9cnicas de Comedor<\/em>, bajo la direcci\u00f3n de la <strong data-start=\"1721\" data-end=\"1758\">Mtra. Gisela Carmen Ramos Ventura<\/strong>. Esta danza, originaria de Huancavelica, resalta la conexi\u00f3n con la vida, la naturaleza y la comunidad a trav\u00e9s de vistosos trajes y coreograf\u00edas llenas de energ\u00eda.<\/p>\n<p data-start=\"1477\" data-end=\"1923\">La feria evidenci\u00f3 el talento, compromiso y creatividad de los estudiantes, quienes contin\u00faan fortaleciendo el nombre de la Facultad a trav\u00e9s de su dedicaci\u00f3n y pasi\u00f3n por la gastronom\u00eda. Este espacio acad\u00e9mico y cultural reafirma el rol de la FACE en la promoci\u00f3n del aprendizaje pr\u00e1ctico, la identidad culinaria y la formaci\u00f3n integral de sus futuros profesionales.<\/p>\n<div id='gallery-1' class='gallery galleryid-9839 gallery-columns-2 gallery-size-large'><figure class='gallery-item'>\n\t\t\t<div class='gallery-icon landscape'>\n\t\t\t\t<a href='https:\/\/www.une.edu.pe\/Empresariales\/feria-por-el-dia-mundial-de-la-alimentacion-y-la-gastronomia-peruana\/572752291_830474053062550_3946759870928735489_n\/'><img fetchpriority=\"high\" decoding=\"async\" width=\"847\" height=\"476\" src=\"https:\/\/www.une.edu.pe\/Empresariales\/wp-content\/uploads\/2025\/12\/572752291_830474053062550_3946759870928735489_n-1024x575.jpg\" class=\"attachment-large size-large\" alt=\"\" srcset=\"https:\/\/www.une.edu.pe\/Empresariales\/wp-content\/uploads\/2025\/12\/572752291_830474053062550_3946759870928735489_n-1024x575.jpg 1024w, https:\/\/www.une.edu.pe\/Empresariales\/wp-content\/uploads\/2025\/12\/572752291_830474053062550_3946759870928735489_n-300x168.jpg 300w, https:\/\/www.une.edu.pe\/Empresariales\/wp-content\/uploads\/2025\/12\/572752291_830474053062550_3946759870928735489_n-768x431.jpg 768w, https:\/\/www.une.edu.pe\/Empresariales\/wp-content\/uploads\/2025\/12\/572752291_830474053062550_3946759870928735489_n-1536x863.jpg 1536w, https:\/\/www.une.edu.pe\/Empresariales\/wp-content\/uploads\/2025\/12\/572752291_830474053062550_3946759870928735489_n-360x202.jpg 360w, https:\/\/www.une.edu.pe\/Empresariales\/wp-content\/uploads\/2025\/12\/572752291_830474053062550_3946759870928735489_n.jpg 2048w\" sizes=\"(max-width: 847px) 100vw, 847px\" \/><\/a>\n\t\t\t<\/div><\/figure><figure class='gallery-item'>\n\t\t\t<div class='gallery-icon landscape'>\n\t\t\t\t<a href='https:\/\/www.une.edu.pe\/Empresariales\/feria-por-el-dia-mundial-de-la-alimentacion-y-la-gastronomia-peruana\/572313922_830478469728775_3823168127282576042_n\/'><img decoding=\"async\" width=\"847\" height=\"562\" src=\"https:\/\/www.une.edu.pe\/Empresariales\/wp-content\/uploads\/2025\/12\/572313922_830478469728775_3823168127282576042_n-1024x679.jpg\" class=\"attachment-large size-large\" alt=\"\" srcset=\"https:\/\/www.une.edu.pe\/Empresariales\/wp-content\/uploads\/2025\/12\/572313922_830478469728775_3823168127282576042_n-1024x679.jpg 1024w, https:\/\/www.une.edu.pe\/Empresariales\/wp-content\/uploads\/2025\/12\/572313922_830478469728775_3823168127282576042_n-300x199.jpg 300w, https:\/\/www.une.edu.pe\/Empresariales\/wp-content\/uploads\/2025\/12\/572313922_830478469728775_3823168127282576042_n-768x509.jpg 768w, https:\/\/www.une.edu.pe\/Empresariales\/wp-content\/uploads\/2025\/12\/572313922_830478469728775_3823168127282576042_n-1536x1018.jpg 1536w, https:\/\/www.une.edu.pe\/Empresariales\/wp-content\/uploads\/2025\/12\/572313922_830478469728775_3823168127282576042_n-360x239.jpg 360w, https:\/\/www.une.edu.pe\/Empresariales\/wp-content\/uploads\/2025\/12\/572313922_830478469728775_3823168127282576042_n.jpg 2048w\" sizes=\"(max-width: 847px) 100vw, 847px\" \/><\/a>\n\t\t\t<\/div><\/figure><figure class='gallery-item'>\n\t\t\t<div class='gallery-icon landscape'>\n\t\t\t\t<a href='https:\/\/www.une.edu.pe\/Empresariales\/feria-por-el-dia-mundial-de-la-alimentacion-y-la-gastronomia-peruana\/572165180_830481269728495_3761590345923803774_n\/'><img decoding=\"async\" width=\"847\" height=\"637\" src=\"https:\/\/www.une.edu.pe\/Empresariales\/wp-content\/uploads\/2025\/12\/572165180_830481269728495_3761590345923803774_n-1024x770.jpg\" class=\"attachment-large size-large\" alt=\"\" srcset=\"https:\/\/www.une.edu.pe\/Empresariales\/wp-content\/uploads\/2025\/12\/572165180_830481269728495_3761590345923803774_n-1024x770.jpg 1024w, https:\/\/www.une.edu.pe\/Empresariales\/wp-content\/uploads\/2025\/12\/572165180_830481269728495_3761590345923803774_n-300x226.jpg 300w, https:\/\/www.une.edu.pe\/Empresariales\/wp-content\/uploads\/2025\/12\/572165180_830481269728495_3761590345923803774_n-768x578.jpg 768w, https:\/\/www.une.edu.pe\/Empresariales\/wp-content\/uploads\/2025\/12\/572165180_830481269728495_3761590345923803774_n-1536x1155.jpg 1536w, https:\/\/www.une.edu.pe\/Empresariales\/wp-content\/uploads\/2025\/12\/572165180_830481269728495_3761590345923803774_n-360x270.jpg 360w, https:\/\/www.une.edu.pe\/Empresariales\/wp-content\/uploads\/2025\/12\/572165180_830481269728495_3761590345923803774_n.jpg 2048w\" sizes=\"(max-width: 847px) 100vw, 847px\" \/><\/a>\n\t\t\t<\/div><\/figure><figure class='gallery-item'>\n\t\t\t<div class='gallery-icon landscape'>\n\t\t\t\t<a href='https:\/\/www.une.edu.pe\/Empresariales\/feria-por-el-dia-mundial-de-la-alimentacion-y-la-gastronomia-peruana\/574267649_830476233062332_7366139936169670572_n\/'><img loading=\"lazy\" decoding=\"async\" width=\"847\" height=\"476\" src=\"https:\/\/www.une.edu.pe\/Empresariales\/wp-content\/uploads\/2025\/12\/574267649_830476233062332_7366139936169670572_n-1024x575.jpg\" class=\"attachment-large size-large\" alt=\"\" srcset=\"https:\/\/www.une.edu.pe\/Empresariales\/wp-content\/uploads\/2025\/12\/574267649_830476233062332_7366139936169670572_n-1024x575.jpg 1024w, https:\/\/www.une.edu.pe\/Empresariales\/wp-content\/uploads\/2025\/12\/574267649_830476233062332_7366139936169670572_n-300x168.jpg 300w, https:\/\/www.une.edu.pe\/Empresariales\/wp-content\/uploads\/2025\/12\/574267649_830476233062332_7366139936169670572_n-768x431.jpg 768w, https:\/\/www.une.edu.pe\/Empresariales\/wp-content\/uploads\/2025\/12\/574267649_830476233062332_7366139936169670572_n-1536x863.jpg 1536w, https:\/\/www.une.edu.pe\/Empresariales\/wp-content\/uploads\/2025\/12\/574267649_830476233062332_7366139936169670572_n-360x202.jpg 360w, https:\/\/www.une.edu.pe\/Empresariales\/wp-content\/uploads\/2025\/12\/574267649_830476233062332_7366139936169670572_n.jpg 2048w\" sizes=\"(max-width: 847px) 100vw, 847px\" \/><\/a>\n\t\t\t<\/div><\/figure><figure class='gallery-item'>\n\t\t\t<div class='gallery-icon landscape'>\n\t\t\t\t<a href='https:\/\/www.une.edu.pe\/Empresariales\/feria-por-el-dia-mundial-de-la-alimentacion-y-la-gastronomia-peruana\/573609165_830474803062475_2175792640573253176_n\/'><img loading=\"lazy\" decoding=\"async\" width=\"847\" height=\"476\" src=\"https:\/\/www.une.edu.pe\/Empresariales\/wp-content\/uploads\/2025\/12\/573609165_830474803062475_2175792640573253176_n-1024x575.jpg\" class=\"attachment-large size-large\" alt=\"\" srcset=\"https:\/\/www.une.edu.pe\/Empresariales\/wp-content\/uploads\/2025\/12\/573609165_830474803062475_2175792640573253176_n-1024x575.jpg 1024w, https:\/\/www.une.edu.pe\/Empresariales\/wp-content\/uploads\/2025\/12\/573609165_830474803062475_2175792640573253176_n-300x168.jpg 300w, https:\/\/www.une.edu.pe\/Empresariales\/wp-content\/uploads\/2025\/12\/573609165_830474803062475_2175792640573253176_n-768x431.jpg 768w, https:\/\/www.une.edu.pe\/Empresariales\/wp-content\/uploads\/2025\/12\/573609165_830474803062475_2175792640573253176_n-1536x863.jpg 1536w, https:\/\/www.une.edu.pe\/Empresariales\/wp-content\/uploads\/2025\/12\/573609165_830474803062475_2175792640573253176_n-360x202.jpg 360w, https:\/\/www.une.edu.pe\/Empresariales\/wp-content\/uploads\/2025\/12\/573609165_830474803062475_2175792640573253176_n.jpg 2048w\" sizes=\"(max-width: 847px) 100vw, 847px\" \/><\/a>\n\t\t\t<\/div><\/figure><figure class='gallery-item'>\n\t\t\t<div class='gallery-icon landscape'>\n\t\t\t\t<a href='https:\/\/www.une.edu.pe\/Empresariales\/feria-por-el-dia-mundial-de-la-alimentacion-y-la-gastronomia-peruana\/572977082_830477939728828_8983460668682684412_n\/'><img loading=\"lazy\" decoding=\"async\" width=\"847\" height=\"476\" src=\"https:\/\/www.une.edu.pe\/Empresariales\/wp-content\/uploads\/2025\/12\/572977082_830477939728828_8983460668682684412_n-1024x575.jpg\" class=\"attachment-large size-large\" alt=\"\" srcset=\"https:\/\/www.une.edu.pe\/Empresariales\/wp-content\/uploads\/2025\/12\/572977082_830477939728828_8983460668682684412_n-1024x575.jpg 1024w, https:\/\/www.une.edu.pe\/Empresariales\/wp-content\/uploads\/2025\/12\/572977082_830477939728828_8983460668682684412_n-300x168.jpg 300w, https:\/\/www.une.edu.pe\/Empresariales\/wp-content\/uploads\/2025\/12\/572977082_830477939728828_8983460668682684412_n-768x431.jpg 768w, https:\/\/www.une.edu.pe\/Empresariales\/wp-content\/uploads\/2025\/12\/572977082_830477939728828_8983460668682684412_n-1536x863.jpg 1536w, https:\/\/www.une.edu.pe\/Empresariales\/wp-content\/uploads\/2025\/12\/572977082_830477939728828_8983460668682684412_n-360x202.jpg 360w, https:\/\/www.une.edu.pe\/Empresariales\/wp-content\/uploads\/2025\/12\/572977082_830477939728828_8983460668682684412_n.jpg 2048w\" sizes=\"(max-width: 847px) 100vw, 847px\" \/><\/a>\n\t\t\t<\/div><\/figure><figure class='gallery-item'>\n\t\t\t<div class='gallery-icon landscape'>\n\t\t\t\t<a href='https:\/\/www.une.edu.pe\/Empresariales\/feria-por-el-dia-mundial-de-la-alimentacion-y-la-gastronomia-peruana\/574353761_830481486395140_5022795849204944623_n\/'><img loading=\"lazy\" decoding=\"async\" width=\"847\" height=\"653\" src=\"https:\/\/www.une.edu.pe\/Empresariales\/wp-content\/uploads\/2025\/12\/574353761_830481486395140_5022795849204944623_n-1024x789.jpg\" class=\"attachment-large size-large\" alt=\"\" srcset=\"https:\/\/www.une.edu.pe\/Empresariales\/wp-content\/uploads\/2025\/12\/574353761_830481486395140_5022795849204944623_n-1024x789.jpg 1024w, https:\/\/www.une.edu.pe\/Empresariales\/wp-content\/uploads\/2025\/12\/574353761_830481486395140_5022795849204944623_n-300x231.jpg 300w, https:\/\/www.une.edu.pe\/Empresariales\/wp-content\/uploads\/2025\/12\/574353761_830481486395140_5022795849204944623_n-768x592.jpg 768w, https:\/\/www.une.edu.pe\/Empresariales\/wp-content\/uploads\/2025\/12\/574353761_830481486395140_5022795849204944623_n-1536x1184.jpg 1536w, https:\/\/www.une.edu.pe\/Empresariales\/wp-content\/uploads\/2025\/12\/574353761_830481486395140_5022795849204944623_n-350x270.jpg 350w, https:\/\/www.une.edu.pe\/Empresariales\/wp-content\/uploads\/2025\/12\/574353761_830481486395140_5022795849204944623_n.jpg 2048w\" sizes=\"(max-width: 847px) 100vw, 847px\" \/><\/a>\n\t\t\t<\/div><\/figure><figure class='gallery-item'>\n\t\t\t<div class='gallery-icon landscape'>\n\t\t\t\t<a href='https:\/\/www.une.edu.pe\/Empresariales\/feria-por-el-dia-mundial-de-la-alimentacion-y-la-gastronomia-peruana\/574969094_830476046395684_932469543229272832_n\/'><img loading=\"lazy\" decoding=\"async\" width=\"847\" height=\"476\" src=\"https:\/\/www.une.edu.pe\/Empresariales\/wp-content\/uploads\/2025\/12\/574969094_830476046395684_932469543229272832_n-1024x575.jpg\" class=\"attachment-large size-large\" alt=\"\" srcset=\"https:\/\/www.une.edu.pe\/Empresariales\/wp-content\/uploads\/2025\/12\/574969094_830476046395684_932469543229272832_n-1024x575.jpg 1024w, https:\/\/www.une.edu.pe\/Empresariales\/wp-content\/uploads\/2025\/12\/574969094_830476046395684_932469543229272832_n-300x168.jpg 300w, https:\/\/www.une.edu.pe\/Empresariales\/wp-content\/uploads\/2025\/12\/574969094_830476046395684_932469543229272832_n-768x431.jpg 768w, https:\/\/www.une.edu.pe\/Empresariales\/wp-content\/uploads\/2025\/12\/574969094_830476046395684_932469543229272832_n-1536x863.jpg 1536w, https:\/\/www.une.edu.pe\/Empresariales\/wp-content\/uploads\/2025\/12\/574969094_830476046395684_932469543229272832_n-360x202.jpg 360w, https:\/\/www.une.edu.pe\/Empresariales\/wp-content\/uploads\/2025\/12\/574969094_830476046395684_932469543229272832_n.jpg 2048w\" sizes=\"(max-width: 847px) 100vw, 847px\" \/><\/a>\n\t\t\t<\/div><\/figure><figure class='gallery-item'>\n\t\t\t<div class='gallery-icon landscape'>\n\t\t\t\t<a href='https:\/\/www.une.edu.pe\/Empresariales\/feria-por-el-dia-mundial-de-la-alimentacion-y-la-gastronomia-peruana\/573055326_830483916394897_4436241455634979091_n\/'><img loading=\"lazy\" decoding=\"async\" width=\"847\" height=\"476\" src=\"https:\/\/www.une.edu.pe\/Empresariales\/wp-content\/uploads\/2025\/12\/573055326_830483916394897_4436241455634979091_n-1024x575.jpg\" class=\"attachment-large size-large\" alt=\"\" srcset=\"https:\/\/www.une.edu.pe\/Empresariales\/wp-content\/uploads\/2025\/12\/573055326_830483916394897_4436241455634979091_n-1024x575.jpg 1024w, https:\/\/www.une.edu.pe\/Empresariales\/wp-content\/uploads\/2025\/12\/573055326_830483916394897_4436241455634979091_n-300x168.jpg 300w, https:\/\/www.une.edu.pe\/Empresariales\/wp-content\/uploads\/2025\/12\/573055326_830483916394897_4436241455634979091_n-768x431.jpg 768w, https:\/\/www.une.edu.pe\/Empresariales\/wp-content\/uploads\/2025\/12\/573055326_830483916394897_4436241455634979091_n-1536x863.jpg 1536w, https:\/\/www.une.edu.pe\/Empresariales\/wp-content\/uploads\/2025\/12\/573055326_830483916394897_4436241455634979091_n-360x202.jpg 360w, https:\/\/www.une.edu.pe\/Empresariales\/wp-content\/uploads\/2025\/12\/573055326_830483916394897_4436241455634979091_n.jpg 2048w\" sizes=\"(max-width: 847px) 100vw, 847px\" \/><\/a>\n\t\t\t<\/div><\/figure><figure class='gallery-item'>\n\t\t\t<div class='gallery-icon landscape'>\n\t\t\t\t<a href='https:\/\/www.une.edu.pe\/Empresariales\/feria-por-el-dia-mundial-de-la-alimentacion-y-la-gastronomia-peruana\/573057407_830485903061365_4151837499972228601_n\/'><img loading=\"lazy\" decoding=\"async\" width=\"847\" height=\"476\" src=\"https:\/\/www.une.edu.pe\/Empresariales\/wp-content\/uploads\/2025\/12\/573057407_830485903061365_4151837499972228601_n-1024x575.jpg\" class=\"attachment-large size-large\" alt=\"\" srcset=\"https:\/\/www.une.edu.pe\/Empresariales\/wp-content\/uploads\/2025\/12\/573057407_830485903061365_4151837499972228601_n-1024x575.jpg 1024w, https:\/\/www.une.edu.pe\/Empresariales\/wp-content\/uploads\/2025\/12\/573057407_830485903061365_4151837499972228601_n-300x168.jpg 300w, https:\/\/www.une.edu.pe\/Empresariales\/wp-content\/uploads\/2025\/12\/573057407_830485903061365_4151837499972228601_n-768x431.jpg 768w, https:\/\/www.une.edu.pe\/Empresariales\/wp-content\/uploads\/2025\/12\/573057407_830485903061365_4151837499972228601_n-1536x863.jpg 1536w, https:\/\/www.une.edu.pe\/Empresariales\/wp-content\/uploads\/2025\/12\/573057407_830485903061365_4151837499972228601_n-360x202.jpg 360w, https:\/\/www.une.edu.pe\/Empresariales\/wp-content\/uploads\/2025\/12\/573057407_830485903061365_4151837499972228601_n.jpg 2048w\" sizes=\"(max-width: 847px) 100vw, 847px\" \/><\/a>\n\t\t\t<\/div><\/figure>\n\t\t<\/div>\n\n<p data-start=\"1925\" data-end=\"2296\">\n","protected":false},"excerpt":{"rendered":"<p>La Facultad de Ciencias Empresariales de la Universidad Nacional de Educaci\u00f3n Enrique Guzm\u00e1n y Valle realiz\u00f3 la Feria por el D\u00eda Mundial de la Alimentaci\u00f3n y la Gastronom\u00eda Peruana, una jornada que reuni\u00f3 sabores y expresiones culturales, protagonizada por los <a href=\"https:\/\/www.une.edu.pe\/Empresariales\/feria-por-el-dia-mundial-de-la-alimentacion-y-la-gastronomia-peruana\/\" class=\"read-more\">Leer m\u00e1s&#8230;<\/a><\/p>\n","protected":false},"author":4,"featured_media":9840,"comment_status":"closed","ping_status":"closed","sticky":false,"template":"","format":"standard","meta":{"footnotes":""},"categories":[1],"tags":[],"class_list":["post-9839","post","type-post","status-publish","format-standard","has-post-thumbnail","hentry","category-noticias"],"_links":{"self":[{"href":"https:\/\/www.une.edu.pe\/Empresariales\/wp-json\/wp\/v2\/posts\/9839","targetHints":{"allow":["GET"]}}],"collection":[{"href":"https:\/\/www.une.edu.pe\/Empresariales\/wp-json\/wp\/v2\/posts"}],"about":[{"href":"https:\/\/www.une.edu.pe\/Empresariales\/wp-json\/wp\/v2\/types\/post"}],"author":[{"embeddable":true,"href":"https:\/\/www.une.edu.pe\/Empresariales\/wp-json\/wp\/v2\/users\/4"}],"replies":[{"embeddable":true,"href":"https:\/\/www.une.edu.pe\/Empresariales\/wp-json\/wp\/v2\/comments?post=9839"}],"version-history":[{"count":2,"href":"https:\/\/www.une.edu.pe\/Empresariales\/wp-json\/wp\/v2\/posts\/9839\/revisions"}],"predecessor-version":[{"id":9852,"href":"https:\/\/www.une.edu.pe\/Empresariales\/wp-json\/wp\/v2\/posts\/9839\/revisions\/9852"}],"wp:featuredmedia":[{"embeddable":true,"href":"https:\/\/www.une.edu.pe\/Empresariales\/wp-json\/wp\/v2\/media\/9840"}],"wp:attachment":[{"href":"https:\/\/www.une.edu.pe\/Empresariales\/wp-json\/wp\/v2\/media?parent=9839"}],"wp:term":[{"taxonomy":"category","embeddable":true,"href":"https:\/\/www.une.edu.pe\/Empresariales\/wp-json\/wp\/v2\/categories?post=9839"},{"taxonomy":"post_tag","embeddable":true,"href":"https:\/\/www.une.edu.pe\/Empresariales\/wp-json\/wp\/v2\/tags?post=9839"}],"curies":[{"name":"wp","href":"https:\/\/api.w.org\/{rel}","templated":true}]}}