{"id":9832,"date":"2025-12-09T10:29:03","date_gmt":"2025-12-09T15:29:03","guid":{"rendered":"https:\/\/www.une.edu.pe\/Empresariales\/?p=9832"},"modified":"2025-12-09T10:29:03","modified_gmt":"2025-12-09T15:29:03","slug":"face-fortalece-la-internacionalizacion-academica-en-argentina","status":"publish","type":"post","link":"https:\/\/www.une.edu.pe\/Empresariales\/face-fortalece-la-internacionalizacion-academica-en-argentina\/","title":{"rendered":"FACE fortalece la internacionalizaci\u00f3n acad\u00e9mica en Argentina"},"content":{"rendered":"<p data-start=\"215\" data-end=\"742\">La Facultad de Ciencias Empresariales de la Universidad Nacional de Educaci\u00f3n Enrique Guzm\u00e1n y Valle contin\u00faa impulsando la internacionalizaci\u00f3n de sus estudiantes y docentes. En esta oportunidad, el decano de la FACE, <strong data-start=\"434\" data-end=\"465\">Dr. Gualberto Hurtado Ramos<\/strong>, particip\u00f3 junto con los primeros puestos de los programas acad\u00e9micos en el <strong data-start=\"542\" data-end=\"599\">Programa de Movilidad Acad\u00e9mica Saliente \u2013 UNIPE 2025<\/strong>, desarrollado en la <strong data-start=\"620\" data-end=\"663\">Universidad Pedag\u00f3gica Nacional (UNIPE)<\/strong>, en la ciudad de Buenos Aires, Argentina, del <strong data-start=\"710\" data-end=\"741\">20 al 31 de octubre de 2025<\/strong>.<\/p>\n<p data-start=\"744\" data-end=\"804\">La delegaci\u00f3n estuvo integrada por los destacados estudiantes:<\/p>\n<ul data-start=\"806\" data-end=\"1084\">\n<li data-start=\"806\" data-end=\"868\">\n<p data-start=\"808\" data-end=\"868\"><strong data-start=\"808\" data-end=\"842\">Diana Cristina Castillo Zapata<\/strong> \u2013 <em data-start=\"845\" data-end=\"866\">Turismo y Hoteler\u00eda<\/em><\/p>\n<\/li>\n<li data-start=\"869\" data-end=\"956\">\n<p data-start=\"871\" data-end=\"956\"><strong data-start=\"871\" data-end=\"907\">Angieline Sandy Espinoza Estrada<\/strong> \u2013 <em data-start=\"910\" data-end=\"954\">Administraci\u00f3n de Negocios Internacionales<\/em><\/p>\n<\/li>\n<li data-start=\"957\" data-end=\"1018\">\n<p data-start=\"959\" data-end=\"1018\"><strong data-start=\"959\" data-end=\"1000\">Naresh Rafael Manuel S\u00e1nchez Huarcaya<\/strong> \u2013 <em data-start=\"1003\" data-end=\"1016\">Gastronom\u00eda<\/em><\/p>\n<\/li>\n<li data-start=\"1019\" data-end=\"1084\">\n<p data-start=\"1021\" data-end=\"1084\"><strong data-start=\"1021\" data-end=\"1053\">Yamilly Gianella Mor\u00e1n Vivar<\/strong> \u2013 <em data-start=\"1056\" data-end=\"1084\">Administraci\u00f3n de Empresas<\/em><\/p>\n<\/li>\n<\/ul>\n<p data-start=\"1086\" data-end=\"1250\">Todos ellos pertenecen al <strong data-start=\"1112\" data-end=\"1131\">tercio superior<\/strong> de sus respectivos programas acad\u00e9micos y representaron con orgullo a la FACE en esta valiosa experiencia internacional.<\/p>\n<p data-start=\"1252\" data-end=\"1633\">Durante su estancia, los participantes desarrollaron actividades orientadas al fortalecimiento acad\u00e9mico, la vinculaci\u00f3n institucional y el intercambio de experiencias con la comunidad universitaria de la UNIPE. Estas acciones promueven la <strong data-start=\"1490\" data-end=\"1504\">innovaci\u00f3n<\/strong>, el <strong data-start=\"1509\" data-end=\"1537\">aprendizaje colaborativo<\/strong> y la <strong data-start=\"1543\" data-end=\"1564\">proyecci\u00f3n social<\/strong>, contribuyendo a la formaci\u00f3n integral de los futuros profesionales.<\/p>\n<p data-start=\"1635\" data-end=\"1892\">Esta participaci\u00f3n reafirma el compromiso de la Facultad de Ciencias Empresariales con el <strong data-start=\"1725\" data-end=\"1749\">desarrollo acad\u00e9mico<\/strong>, la <strong data-start=\"1754\" data-end=\"1778\">excelencia educativa<\/strong> y la <strong data-start=\"1784\" data-end=\"1813\">cooperaci\u00f3n internacional<\/strong>, fortaleciendo los lazos institucionales entre la <strong data-start=\"1864\" data-end=\"1876\">UNE EGyV<\/strong> y la <strong data-start=\"1882\" data-end=\"1891\">UNIPE<\/strong>.<\/p>\n<div id='gallery-1' class='gallery galleryid-9832 gallery-columns-1 gallery-size-large'><figure class='gallery-item'>\n\t\t\t<div class='gallery-icon landscape'>\n\t\t\t\t<a href='https:\/\/www.une.edu.pe\/Empresariales\/face-fortalece-la-internacionalizacion-academica-en-argentina\/572771750_827521440024478_1509114125748600928_n\/'><img fetchpriority=\"high\" decoding=\"async\" width=\"847\" height=\"826\" src=\"https:\/\/www.une.edu.pe\/Empresariales\/wp-content\/uploads\/2025\/12\/572771750_827521440024478_1509114125748600928_n-1024x999.jpg\" class=\"attachment-large size-large\" alt=\"\" srcset=\"https:\/\/www.une.edu.pe\/Empresariales\/wp-content\/uploads\/2025\/12\/572771750_827521440024478_1509114125748600928_n-1024x999.jpg 1024w, https:\/\/www.une.edu.pe\/Empresariales\/wp-content\/uploads\/2025\/12\/572771750_827521440024478_1509114125748600928_n-300x293.jpg 300w, https:\/\/www.une.edu.pe\/Empresariales\/wp-content\/uploads\/2025\/12\/572771750_827521440024478_1509114125748600928_n-768x749.jpg 768w, https:\/\/www.une.edu.pe\/Empresariales\/wp-content\/uploads\/2025\/12\/572771750_827521440024478_1509114125748600928_n-277x270.jpg 277w, https:\/\/www.une.edu.pe\/Empresariales\/wp-content\/uploads\/2025\/12\/572771750_827521440024478_1509114125748600928_n.jpg 1136w\" sizes=\"(max-width: 847px) 100vw, 847px\" \/><\/a>\n\t\t\t<\/div><\/figure>\n\t\t<\/div>\n\n<p data-start=\"1635\" data-end=\"1892\">\n","protected":false},"excerpt":{"rendered":"<p>La Facultad de Ciencias Empresariales de la Universidad Nacional de Educaci\u00f3n Enrique Guzm\u00e1n y Valle contin\u00faa impulsando la internacionalizaci\u00f3n de sus estudiantes y docentes. En esta oportunidad, el decano de la FACE, Dr. Gualberto Hurtado Ramos, particip\u00f3 junto con los <a href=\"https:\/\/www.une.edu.pe\/Empresariales\/face-fortalece-la-internacionalizacion-academica-en-argentina\/\" class=\"read-more\">Leer m\u00e1s&#8230;<\/a><\/p>\n","protected":false},"author":4,"featured_media":9834,"comment_status":"closed","ping_status":"closed","sticky":false,"template":"","format":"standard","meta":{"footnotes":""},"categories":[1],"tags":[],"class_list":["post-9832","post","type-post","status-publish","format-standard","has-post-thumbnail","hentry","category-noticias"],"_links":{"self":[{"href":"https:\/\/www.une.edu.pe\/Empresariales\/wp-json\/wp\/v2\/posts\/9832","targetHints":{"allow":["GET"]}}],"collection":[{"href":"https:\/\/www.une.edu.pe\/Empresariales\/wp-json\/wp\/v2\/posts"}],"about":[{"href":"https:\/\/www.une.edu.pe\/Empresariales\/wp-json\/wp\/v2\/types\/post"}],"author":[{"embeddable":true,"href":"https:\/\/www.une.edu.pe\/Empresariales\/wp-json\/wp\/v2\/users\/4"}],"replies":[{"embeddable":true,"href":"https:\/\/www.une.edu.pe\/Empresariales\/wp-json\/wp\/v2\/comments?post=9832"}],"version-history":[{"count":3,"href":"https:\/\/www.une.edu.pe\/Empresariales\/wp-json\/wp\/v2\/posts\/9832\/revisions"}],"predecessor-version":[{"id":9838,"href":"https:\/\/www.une.edu.pe\/Empresariales\/wp-json\/wp\/v2\/posts\/9832\/revisions\/9838"}],"wp:featuredmedia":[{"embeddable":true,"href":"https:\/\/www.une.edu.pe\/Empresariales\/wp-json\/wp\/v2\/media\/9834"}],"wp:attachment":[{"href":"https:\/\/www.une.edu.pe\/Empresariales\/wp-json\/wp\/v2\/media?parent=9832"}],"wp:term":[{"taxonomy":"category","embeddable":true,"href":"https:\/\/www.une.edu.pe\/Empresariales\/wp-json\/wp\/v2\/categories?post=9832"},{"taxonomy":"post_tag","embeddable":true,"href":"https:\/\/www.une.edu.pe\/Empresariales\/wp-json\/wp\/v2\/tags?post=9832"}],"curies":[{"name":"wp","href":"https:\/\/api.w.org\/{rel}","templated":true}]}}