{"id":9406,"date":"2025-08-28T15:41:50","date_gmt":"2025-08-28T20:41:50","guid":{"rendered":"https:\/\/www.une.edu.pe\/Empresariales\/?p=9406"},"modified":"2025-08-28T15:48:39","modified_gmt":"2025-08-28T20:48:39","slug":"face-culmina-programa-de-capacitacion-a-madres-lideres-de-comedores-populares-y-ollas-comunes","status":"publish","type":"post","link":"https:\/\/www.une.edu.pe\/Empresariales\/face-culmina-programa-de-capacitacion-a-madres-lideres-de-comedores-populares-y-ollas-comunes\/","title":{"rendered":"FACE culmina programa de capacitaci\u00f3n a madres l\u00edderes de comedores populares y ollas comunes"},"content":{"rendered":"<p data-start=\"292\" data-end=\"595\">La Facultad de Ciencias Empresariales \u2013 UNE (FACE), a trav\u00e9s de la Coordinaci\u00f3n de Proyecci\u00f3n Social y Extensi\u00f3n Cultural, en alianza con la Municipalidad de Lima realizaron con \u00e9xito el programa de capacitaci\u00f3n <strong data-start=\"453\" data-end=\"504\">\u201cGesti\u00f3n Empresarial de Negocios Gastron\u00f3micos\u201d<\/strong>, dirigido a madres l\u00edderes de comedores populares y ollas comunes de Lima Metropolitana.<\/p>\n<p data-start=\"597\" data-end=\"869\">Este espacio formativo, desarrollado a lo largo de seis fechas entre julio y agosto, tuvo como prop\u00f3sito fortalecer las capacidades de gesti\u00f3n, organizaci\u00f3n y emprendimiento de las participantes, brind\u00e1ndoles herramientas pr\u00e1cticas que puedan aplicar en sus comunidades.<\/p>\n<h3 data-start=\"871\" data-end=\"901\">M\u00f3dulo 1: Emprendimiento<\/h3>\n<p data-start=\"902\" data-end=\"1281\">La jornada inaugural se realiz\u00f3 el 6 de julio y estuvo a cargo del <strong data-start=\"969\" data-end=\"997\">Dr. Luis Alvarado Monz\u00f3n<\/strong>, docente del programa de Administraci\u00f3n de Negocios Internacionales. Las participantes reflexionaron sobre la importancia del emprendimiento comunitario, compartieron sus expectativas y participaron activamente en din\u00e1micas que promovieron la creatividad y el intercambio de ideas.<\/p>\n<h3 data-start=\"1283\" data-end=\"1325\">M\u00f3dulo 2: Gesti\u00f3n y Comercializaci\u00f3n<\/h3>\n<p data-start=\"1326\" data-end=\"1700\">El 13 de julio, el <strong data-start=\"1345\" data-end=\"1373\">Mtro. Hugo Garc\u00eda Flores<\/strong> abord\u00f3 temas relacionados con la organizaci\u00f3n y sostenibilidad de los programas sociales, presentando herramientas como el an\u00e1lisis FODA, la misi\u00f3n y visi\u00f3n organizacional, as\u00ed como conceptos de marketing y segmentaci\u00f3n de mercados. Las madres l\u00edderes aplicaron estas nociones a la realidad de sus comedores y ollas comunes.<\/p>\n<h3 data-start=\"1702\" data-end=\"1741\">M\u00f3dulo 3: Costos y Financiamiento<\/h3>\n<p data-start=\"1742\" data-end=\"2068\">El 3 de agosto, la <strong data-start=\"1761\" data-end=\"1791\">Dra. Zhenya Zubieta Zu\u00f1iga<\/strong> gui\u00f3 a las participantes en el aprendizaje de nociones econ\u00f3micas b\u00e1sicas. Se revisaron elementos de costos, fuentes de financiamiento y criterios para evaluar su viabilidad. En grupos, las participantes elaboraron propuestas aplicadas a sus propios proyectos gastron\u00f3micos.<\/p>\n<h3 data-start=\"2070\" data-end=\"2092\">M\u00f3dulo 4: Cocina<\/h3>\n<p data-start=\"2093\" data-end=\"2489\">El 10 de agosto, bajo la conducci\u00f3n del <strong data-start=\"2133\" data-end=\"2162\">Mtro. Jhonny Inga Ram\u00edrez<\/strong>, docente del programa de Gastronom\u00eda, las madres se adentraron en la preparaci\u00f3n pr\u00e1ctica de pizzas, empanadas y fideos frescos. La jornada se convirti\u00f3 en un espacio de creatividad, donde cada participante personaliz\u00f3 sus recetas y comparti\u00f3 los resultados en una degustaci\u00f3n colectiva que despert\u00f3 nuevas ideas de negocio.<\/p>\n<h3 data-start=\"2491\" data-end=\"2516\">M\u00f3dulo 5: Panader\u00eda<\/h3>\n<p data-start=\"2517\" data-end=\"2930\">El 17 de agosto, el <strong data-start=\"2537\" data-end=\"2568\">Mtro. Guillermo Buiza Rom\u00e1n<\/strong> condujo una experiencia enriquecedora en el Taller de Panader\u00eda de la FACE. Las madres aprendieron a elaborar diversos productos como pan de yema, bizcochos, panes de kiwicha y quinua, cupcakes decorados y pye de leche asada. M\u00e1s all\u00e1 de la pr\u00e1ctica t\u00e9cnica, el m\u00f3dulo ofreci\u00f3 consejos para aprovechar estas preparaciones como oportunidades de emprendimiento.<\/p>\n<h3 data-start=\"2932\" data-end=\"2977\">M\u00f3dulo 6: Cocteler\u00eda para Emprendedores<\/h3>\n<p data-start=\"2978\" data-end=\"3336\">El 24 de agosto, la capacitaci\u00f3n cerr\u00f3 con un m\u00f3dulo de gran dinamismo a cargo del <strong data-start=\"3061\" data-end=\"3088\">Mtro. Edil Ramos Zamora<\/strong>, docente del programa de Turismo y Hoteler\u00eda. Las participantes aprendieron a preparar c\u00f3cteles emblem\u00e1ticos como el Pisco Sour, Algarrobina, Primavera y Machu Picchu, explorando la cocteler\u00eda como una alternativa de negocio creativo y rentable.<\/p>\n<h3 data-start=\"3338\" data-end=\"3352\">Clausura<\/h3>\n<p data-start=\"3353\" data-end=\"3715\">El programa concluy\u00f3 con la ceremonia oficial de clausura, presidida por el <strong data-start=\"3429\" data-end=\"3479\">decano de la FACE, Dr. Gualberto Hurtado Ramos<\/strong>, quien felicit\u00f3 a las madres l\u00edderes por su constancia y motivaci\u00f3n, resaltando el impacto de este tipo de espacios de formaci\u00f3n en la mejora de la calidad de vida y en el desarrollo de emprendimientos sostenibles en las comunidades.<\/p>\n<p data-start=\"3717\" data-end=\"3947\">Con este programa, la Facultad de Ciencias Empresariales reafirma su compromiso con la <strong data-start=\"3804\" data-end=\"3844\">Responsabilidad Social Universitaria<\/strong> y con la generaci\u00f3n de oportunidades que fortalezcan el liderazgo comunitario en Lima Metropolitana.<\/p>\n<div id='gallery-1' class='gallery galleryid-9406 gallery-columns-2 gallery-size-large'><figure class='gallery-item'>\n\t\t\t<div class='gallery-icon landscape'>\n\t\t\t\t<a href='https:\/\/www.une.edu.pe\/Empresariales\/face-culmina-programa-de-capacitacion-a-madres-lideres-de-comedores-populares-y-ollas-comunes\/img_1145-1\/'><img fetchpriority=\"high\" decoding=\"async\" width=\"847\" height=\"476\" src=\"https:\/\/www.une.edu.pe\/Empresariales\/wp-content\/uploads\/2025\/08\/IMG_1145-1-1024x575.jpg\" class=\"attachment-large size-large\" alt=\"\" srcset=\"https:\/\/www.une.edu.pe\/Empresariales\/wp-content\/uploads\/2025\/08\/IMG_1145-1-1024x575.jpg 1024w, https:\/\/www.une.edu.pe\/Empresariales\/wp-content\/uploads\/2025\/08\/IMG_1145-1-300x168.jpg 300w, https:\/\/www.une.edu.pe\/Empresariales\/wp-content\/uploads\/2025\/08\/IMG_1145-1-768x431.jpg 768w, https:\/\/www.une.edu.pe\/Empresariales\/wp-content\/uploads\/2025\/08\/IMG_1145-1-1536x862.jpg 1536w, https:\/\/www.une.edu.pe\/Empresariales\/wp-content\/uploads\/2025\/08\/IMG_1145-1-2048x1150.jpg 2048w, https:\/\/www.une.edu.pe\/Empresariales\/wp-content\/uploads\/2025\/08\/IMG_1145-1-360x202.jpg 360w\" sizes=\"(max-width: 847px) 100vw, 847px\" \/><\/a>\n\t\t\t<\/div><\/figure><figure class='gallery-item'>\n\t\t\t<div class='gallery-icon landscape'>\n\t\t\t\t<a href='https:\/\/www.une.edu.pe\/Empresariales\/face-culmina-programa-de-capacitacion-a-madres-lideres-de-comedores-populares-y-ollas-comunes\/img_1142-1\/'><img decoding=\"async\" width=\"847\" height=\"476\" src=\"https:\/\/www.une.edu.pe\/Empresariales\/wp-content\/uploads\/2025\/08\/IMG_1142-1-1024x575.jpg\" class=\"attachment-large size-large\" alt=\"\" srcset=\"https:\/\/www.une.edu.pe\/Empresariales\/wp-content\/uploads\/2025\/08\/IMG_1142-1-1024x575.jpg 1024w, https:\/\/www.une.edu.pe\/Empresariales\/wp-content\/uploads\/2025\/08\/IMG_1142-1-300x168.jpg 300w, https:\/\/www.une.edu.pe\/Empresariales\/wp-content\/uploads\/2025\/08\/IMG_1142-1-768x431.jpg 768w, https:\/\/www.une.edu.pe\/Empresariales\/wp-content\/uploads\/2025\/08\/IMG_1142-1-1536x862.jpg 1536w, https:\/\/www.une.edu.pe\/Empresariales\/wp-content\/uploads\/2025\/08\/IMG_1142-1-2048x1150.jpg 2048w, https:\/\/www.une.edu.pe\/Empresariales\/wp-content\/uploads\/2025\/08\/IMG_1142-1-360x202.jpg 360w\" sizes=\"(max-width: 847px) 100vw, 847px\" \/><\/a>\n\t\t\t<\/div><\/figure><figure class='gallery-item'>\n\t\t\t<div class='gallery-icon landscape'>\n\t\t\t\t<a href='https:\/\/www.une.edu.pe\/Empresariales\/face-culmina-programa-de-capacitacion-a-madres-lideres-de-comedores-populares-y-ollas-comunes\/img_1273-1\/'><img decoding=\"async\" width=\"847\" height=\"476\" src=\"https:\/\/www.une.edu.pe\/Empresariales\/wp-content\/uploads\/2025\/08\/IMG_1273-1-1024x575.jpg\" class=\"attachment-large size-large\" alt=\"\" srcset=\"https:\/\/www.une.edu.pe\/Empresariales\/wp-content\/uploads\/2025\/08\/IMG_1273-1-1024x575.jpg 1024w, https:\/\/www.une.edu.pe\/Empresariales\/wp-content\/uploads\/2025\/08\/IMG_1273-1-300x168.jpg 300w, https:\/\/www.une.edu.pe\/Empresariales\/wp-content\/uploads\/2025\/08\/IMG_1273-1-768x431.jpg 768w, https:\/\/www.une.edu.pe\/Empresariales\/wp-content\/uploads\/2025\/08\/IMG_1273-1-1536x862.jpg 1536w, https:\/\/www.une.edu.pe\/Empresariales\/wp-content\/uploads\/2025\/08\/IMG_1273-1-2048x1150.jpg 2048w, https:\/\/www.une.edu.pe\/Empresariales\/wp-content\/uploads\/2025\/08\/IMG_1273-1-360x202.jpg 360w\" sizes=\"(max-width: 847px) 100vw, 847px\" \/><\/a>\n\t\t\t<\/div><\/figure><figure class='gallery-item'>\n\t\t\t<div class='gallery-icon landscape'>\n\t\t\t\t<a href='https:\/\/www.une.edu.pe\/Empresariales\/face-culmina-programa-de-capacitacion-a-madres-lideres-de-comedores-populares-y-ollas-comunes\/img_1265-1\/'><img loading=\"lazy\" decoding=\"async\" width=\"847\" height=\"476\" src=\"https:\/\/www.une.edu.pe\/Empresariales\/wp-content\/uploads\/2025\/08\/IMG_1265-1-1024x575.jpg\" class=\"attachment-large size-large\" alt=\"\" srcset=\"https:\/\/www.une.edu.pe\/Empresariales\/wp-content\/uploads\/2025\/08\/IMG_1265-1-1024x575.jpg 1024w, https:\/\/www.une.edu.pe\/Empresariales\/wp-content\/uploads\/2025\/08\/IMG_1265-1-300x168.jpg 300w, https:\/\/www.une.edu.pe\/Empresariales\/wp-content\/uploads\/2025\/08\/IMG_1265-1-768x431.jpg 768w, https:\/\/www.une.edu.pe\/Empresariales\/wp-content\/uploads\/2025\/08\/IMG_1265-1-1536x862.jpg 1536w, https:\/\/www.une.edu.pe\/Empresariales\/wp-content\/uploads\/2025\/08\/IMG_1265-1-2048x1150.jpg 2048w, https:\/\/www.une.edu.pe\/Empresariales\/wp-content\/uploads\/2025\/08\/IMG_1265-1-360x202.jpg 360w\" sizes=\"(max-width: 847px) 100vw, 847px\" \/><\/a>\n\t\t\t<\/div><\/figure><figure class='gallery-item'>\n\t\t\t<div class='gallery-icon landscape'>\n\t\t\t\t<a href='https:\/\/www.une.edu.pe\/Empresariales\/face-culmina-programa-de-capacitacion-a-madres-lideres-de-comedores-populares-y-ollas-comunes\/img_1697-1\/'><img loading=\"lazy\" decoding=\"async\" width=\"847\" height=\"476\" src=\"https:\/\/www.une.edu.pe\/Empresariales\/wp-content\/uploads\/2025\/08\/IMG_1697-1-1024x575.jpg\" class=\"attachment-large size-large\" alt=\"\" srcset=\"https:\/\/www.une.edu.pe\/Empresariales\/wp-content\/uploads\/2025\/08\/IMG_1697-1-1024x575.jpg 1024w, https:\/\/www.une.edu.pe\/Empresariales\/wp-content\/uploads\/2025\/08\/IMG_1697-1-300x168.jpg 300w, https:\/\/www.une.edu.pe\/Empresariales\/wp-content\/uploads\/2025\/08\/IMG_1697-1-768x431.jpg 768w, https:\/\/www.une.edu.pe\/Empresariales\/wp-content\/uploads\/2025\/08\/IMG_1697-1-1536x862.jpg 1536w, https:\/\/www.une.edu.pe\/Empresariales\/wp-content\/uploads\/2025\/08\/IMG_1697-1-2048x1150.jpg 2048w, https:\/\/www.une.edu.pe\/Empresariales\/wp-content\/uploads\/2025\/08\/IMG_1697-1-360x202.jpg 360w\" sizes=\"(max-width: 847px) 100vw, 847px\" \/><\/a>\n\t\t\t<\/div><\/figure><figure class='gallery-item'>\n\t\t\t<div class='gallery-icon landscape'>\n\t\t\t\t<a href='https:\/\/www.une.edu.pe\/Empresariales\/face-culmina-programa-de-capacitacion-a-madres-lideres-de-comedores-populares-y-ollas-comunes\/img_1687-1\/'><img loading=\"lazy\" decoding=\"async\" width=\"847\" height=\"476\" src=\"https:\/\/www.une.edu.pe\/Empresariales\/wp-content\/uploads\/2025\/08\/IMG_1687-1-1024x575.jpg\" class=\"attachment-large size-large\" alt=\"\" srcset=\"https:\/\/www.une.edu.pe\/Empresariales\/wp-content\/uploads\/2025\/08\/IMG_1687-1-1024x575.jpg 1024w, https:\/\/www.une.edu.pe\/Empresariales\/wp-content\/uploads\/2025\/08\/IMG_1687-1-300x168.jpg 300w, https:\/\/www.une.edu.pe\/Empresariales\/wp-content\/uploads\/2025\/08\/IMG_1687-1-768x431.jpg 768w, https:\/\/www.une.edu.pe\/Empresariales\/wp-content\/uploads\/2025\/08\/IMG_1687-1-1536x862.jpg 1536w, https:\/\/www.une.edu.pe\/Empresariales\/wp-content\/uploads\/2025\/08\/IMG_1687-1-2048x1150.jpg 2048w, https:\/\/www.une.edu.pe\/Empresariales\/wp-content\/uploads\/2025\/08\/IMG_1687-1-360x202.jpg 360w\" sizes=\"(max-width: 847px) 100vw, 847px\" \/><\/a>\n\t\t\t<\/div><\/figure><figure class='gallery-item'>\n\t\t\t<div class='gallery-icon landscape'>\n\t\t\t\t<a href='https:\/\/www.une.edu.pe\/Empresariales\/face-culmina-programa-de-capacitacion-a-madres-lideres-de-comedores-populares-y-ollas-comunes\/img_1769\/'><img loading=\"lazy\" decoding=\"async\" width=\"847\" height=\"476\" src=\"https:\/\/www.une.edu.pe\/Empresariales\/wp-content\/uploads\/2025\/08\/IMG_1769-1024x575.jpg\" class=\"attachment-large size-large\" alt=\"\" srcset=\"https:\/\/www.une.edu.pe\/Empresariales\/wp-content\/uploads\/2025\/08\/IMG_1769-1024x575.jpg 1024w, https:\/\/www.une.edu.pe\/Empresariales\/wp-content\/uploads\/2025\/08\/IMG_1769-300x168.jpg 300w, https:\/\/www.une.edu.pe\/Empresariales\/wp-content\/uploads\/2025\/08\/IMG_1769-768x431.jpg 768w, https:\/\/www.une.edu.pe\/Empresariales\/wp-content\/uploads\/2025\/08\/IMG_1769-1536x862.jpg 1536w, https:\/\/www.une.edu.pe\/Empresariales\/wp-content\/uploads\/2025\/08\/IMG_1769-2048x1150.jpg 2048w, https:\/\/www.une.edu.pe\/Empresariales\/wp-content\/uploads\/2025\/08\/IMG_1769-360x202.jpg 360w\" sizes=\"(max-width: 847px) 100vw, 847px\" \/><\/a>\n\t\t\t<\/div><\/figure><figure class='gallery-item'>\n\t\t\t<div class='gallery-icon landscape'>\n\t\t\t\t<a href='https:\/\/www.une.edu.pe\/Empresariales\/face-culmina-programa-de-capacitacion-a-madres-lideres-de-comedores-populares-y-ollas-comunes\/img_1764-1\/'><img loading=\"lazy\" decoding=\"async\" width=\"847\" height=\"476\" src=\"https:\/\/www.une.edu.pe\/Empresariales\/wp-content\/uploads\/2025\/08\/IMG_1764-1-1024x575.jpg\" class=\"attachment-large size-large\" alt=\"\" srcset=\"https:\/\/www.une.edu.pe\/Empresariales\/wp-content\/uploads\/2025\/08\/IMG_1764-1-1024x575.jpg 1024w, https:\/\/www.une.edu.pe\/Empresariales\/wp-content\/uploads\/2025\/08\/IMG_1764-1-300x168.jpg 300w, https:\/\/www.une.edu.pe\/Empresariales\/wp-content\/uploads\/2025\/08\/IMG_1764-1-768x431.jpg 768w, https:\/\/www.une.edu.pe\/Empresariales\/wp-content\/uploads\/2025\/08\/IMG_1764-1-1536x862.jpg 1536w, https:\/\/www.une.edu.pe\/Empresariales\/wp-content\/uploads\/2025\/08\/IMG_1764-1-2048x1150.jpg 2048w, https:\/\/www.une.edu.pe\/Empresariales\/wp-content\/uploads\/2025\/08\/IMG_1764-1-360x202.jpg 360w\" sizes=\"(max-width: 847px) 100vw, 847px\" \/><\/a>\n\t\t\t<\/div><\/figure><figure class='gallery-item'>\n\t\t\t<div class='gallery-icon landscape'>\n\t\t\t\t<a href='https:\/\/www.une.edu.pe\/Empresariales\/face-culmina-programa-de-capacitacion-a-madres-lideres-de-comedores-populares-y-ollas-comunes\/img_1870\/'><img loading=\"lazy\" decoding=\"async\" width=\"847\" height=\"476\" src=\"https:\/\/www.une.edu.pe\/Empresariales\/wp-content\/uploads\/2025\/08\/IMG_1870-1024x575.jpg\" class=\"attachment-large size-large\" alt=\"\" srcset=\"https:\/\/www.une.edu.pe\/Empresariales\/wp-content\/uploads\/2025\/08\/IMG_1870-1024x575.jpg 1024w, https:\/\/www.une.edu.pe\/Empresariales\/wp-content\/uploads\/2025\/08\/IMG_1870-300x168.jpg 300w, https:\/\/www.une.edu.pe\/Empresariales\/wp-content\/uploads\/2025\/08\/IMG_1870-768x431.jpg 768w, https:\/\/www.une.edu.pe\/Empresariales\/wp-content\/uploads\/2025\/08\/IMG_1870-1536x862.jpg 1536w, https:\/\/www.une.edu.pe\/Empresariales\/wp-content\/uploads\/2025\/08\/IMG_1870-2048x1150.jpg 2048w, https:\/\/www.une.edu.pe\/Empresariales\/wp-content\/uploads\/2025\/08\/IMG_1870-360x202.jpg 360w\" sizes=\"(max-width: 847px) 100vw, 847px\" \/><\/a>\n\t\t\t<\/div><\/figure><figure class='gallery-item'>\n\t\t\t<div class='gallery-icon landscape'>\n\t\t\t\t<a href='https:\/\/www.une.edu.pe\/Empresariales\/face-culmina-programa-de-capacitacion-a-madres-lideres-de-comedores-populares-y-ollas-comunes\/img_1862-1\/'><img loading=\"lazy\" decoding=\"async\" width=\"847\" height=\"476\" src=\"https:\/\/www.une.edu.pe\/Empresariales\/wp-content\/uploads\/2025\/08\/IMG_1862-1-1024x575.jpg\" class=\"attachment-large size-large\" alt=\"\" srcset=\"https:\/\/www.une.edu.pe\/Empresariales\/wp-content\/uploads\/2025\/08\/IMG_1862-1-1024x575.jpg 1024w, https:\/\/www.une.edu.pe\/Empresariales\/wp-content\/uploads\/2025\/08\/IMG_1862-1-300x168.jpg 300w, https:\/\/www.une.edu.pe\/Empresariales\/wp-content\/uploads\/2025\/08\/IMG_1862-1-768x431.jpg 768w, https:\/\/www.une.edu.pe\/Empresariales\/wp-content\/uploads\/2025\/08\/IMG_1862-1-1536x862.jpg 1536w, https:\/\/www.une.edu.pe\/Empresariales\/wp-content\/uploads\/2025\/08\/IMG_1862-1-2048x1150.jpg 2048w, https:\/\/www.une.edu.pe\/Empresariales\/wp-content\/uploads\/2025\/08\/IMG_1862-1-360x202.jpg 360w\" sizes=\"(max-width: 847px) 100vw, 847px\" \/><\/a>\n\t\t\t<\/div><\/figure><figure class='gallery-item'>\n\t\t\t<div class='gallery-icon landscape'>\n\t\t\t\t<a href='https:\/\/www.une.edu.pe\/Empresariales\/face-culmina-programa-de-capacitacion-a-madres-lideres-de-comedores-populares-y-ollas-comunes\/img_1961-2\/'><img loading=\"lazy\" decoding=\"async\" width=\"847\" height=\"476\" src=\"https:\/\/www.une.edu.pe\/Empresariales\/wp-content\/uploads\/2025\/08\/IMG_1961-2-1024x575.jpg\" class=\"attachment-large size-large\" alt=\"\" srcset=\"https:\/\/www.une.edu.pe\/Empresariales\/wp-content\/uploads\/2025\/08\/IMG_1961-2-1024x575.jpg 1024w, https:\/\/www.une.edu.pe\/Empresariales\/wp-content\/uploads\/2025\/08\/IMG_1961-2-300x168.jpg 300w, https:\/\/www.une.edu.pe\/Empresariales\/wp-content\/uploads\/2025\/08\/IMG_1961-2-768x431.jpg 768w, https:\/\/www.une.edu.pe\/Empresariales\/wp-content\/uploads\/2025\/08\/IMG_1961-2-1536x862.jpg 1536w, https:\/\/www.une.edu.pe\/Empresariales\/wp-content\/uploads\/2025\/08\/IMG_1961-2-2048x1150.jpg 2048w, https:\/\/www.une.edu.pe\/Empresariales\/wp-content\/uploads\/2025\/08\/IMG_1961-2-360x202.jpg 360w\" sizes=\"(max-width: 847px) 100vw, 847px\" \/><\/a>\n\t\t\t<\/div><\/figure><figure class='gallery-item'>\n\t\t\t<div class='gallery-icon landscape'>\n\t\t\t\t<a href='https:\/\/www.une.edu.pe\/Empresariales\/face-culmina-programa-de-capacitacion-a-madres-lideres-de-comedores-populares-y-ollas-comunes\/img_1951-1\/'><img loading=\"lazy\" decoding=\"async\" width=\"847\" height=\"476\" src=\"https:\/\/www.une.edu.pe\/Empresariales\/wp-content\/uploads\/2025\/08\/IMG_1951-1-1024x575.jpg\" class=\"attachment-large size-large\" alt=\"\" srcset=\"https:\/\/www.une.edu.pe\/Empresariales\/wp-content\/uploads\/2025\/08\/IMG_1951-1-1024x575.jpg 1024w, https:\/\/www.une.edu.pe\/Empresariales\/wp-content\/uploads\/2025\/08\/IMG_1951-1-300x168.jpg 300w, https:\/\/www.une.edu.pe\/Empresariales\/wp-content\/uploads\/2025\/08\/IMG_1951-1-768x431.jpg 768w, https:\/\/www.une.edu.pe\/Empresariales\/wp-content\/uploads\/2025\/08\/IMG_1951-1-1536x862.jpg 1536w, https:\/\/www.une.edu.pe\/Empresariales\/wp-content\/uploads\/2025\/08\/IMG_1951-1-2048x1150.jpg 2048w, https:\/\/www.une.edu.pe\/Empresariales\/wp-content\/uploads\/2025\/08\/IMG_1951-1-360x202.jpg 360w\" sizes=\"(max-width: 847px) 100vw, 847px\" \/><\/a>\n\t\t\t<\/div><\/figure>\n\t\t<\/div>\n\n<p data-start=\"3717\" data-end=\"3947\">\n","protected":false},"excerpt":{"rendered":"<p>La Facultad de Ciencias Empresariales \u2013 UNE (FACE), a trav\u00e9s de la Coordinaci\u00f3n de Proyecci\u00f3n Social y Extensi\u00f3n Cultural, en alianza con la Municipalidad de Lima realizaron con \u00e9xito el programa de capacitaci\u00f3n \u201cGesti\u00f3n Empresarial de Negocios Gastron\u00f3micos\u201d, dirigido a <a href=\"https:\/\/www.une.edu.pe\/Empresariales\/face-culmina-programa-de-capacitacion-a-madres-lideres-de-comedores-populares-y-ollas-comunes\/\" class=\"read-more\">Leer m\u00e1s&#8230;<\/a><\/p>\n","protected":false},"author":4,"featured_media":9407,"comment_status":"closed","ping_status":"closed","sticky":false,"template":"","format":"standard","meta":{"footnotes":""},"categories":[1],"tags":[],"class_list":["post-9406","post","type-post","status-publish","format-standard","has-post-thumbnail","hentry","category-noticias"],"_links":{"self":[{"href":"https:\/\/www.une.edu.pe\/Empresariales\/wp-json\/wp\/v2\/posts\/9406","targetHints":{"allow":["GET"]}}],"collection":[{"href":"https:\/\/www.une.edu.pe\/Empresariales\/wp-json\/wp\/v2\/posts"}],"about":[{"href":"https:\/\/www.une.edu.pe\/Empresariales\/wp-json\/wp\/v2\/types\/post"}],"author":[{"embeddable":true,"href":"https:\/\/www.une.edu.pe\/Empresariales\/wp-json\/wp\/v2\/users\/4"}],"replies":[{"embeddable":true,"href":"https:\/\/www.une.edu.pe\/Empresariales\/wp-json\/wp\/v2\/comments?post=9406"}],"version-history":[{"count":4,"href":"https:\/\/www.une.edu.pe\/Empresariales\/wp-json\/wp\/v2\/posts\/9406\/revisions"}],"predecessor-version":[{"id":9423,"href":"https:\/\/www.une.edu.pe\/Empresariales\/wp-json\/wp\/v2\/posts\/9406\/revisions\/9423"}],"wp:featuredmedia":[{"embeddable":true,"href":"https:\/\/www.une.edu.pe\/Empresariales\/wp-json\/wp\/v2\/media\/9407"}],"wp:attachment":[{"href":"https:\/\/www.une.edu.pe\/Empresariales\/wp-json\/wp\/v2\/media?parent=9406"}],"wp:term":[{"taxonomy":"category","embeddable":true,"href":"https:\/\/www.une.edu.pe\/Empresariales\/wp-json\/wp\/v2\/categories?post=9406"},{"taxonomy":"post_tag","embeddable":true,"href":"https:\/\/www.une.edu.pe\/Empresariales\/wp-json\/wp\/v2\/tags?post=9406"}],"curies":[{"name":"wp","href":"https:\/\/api.w.org\/{rel}","templated":true}]}}