{"id":9044,"date":"2025-06-06T09:35:06","date_gmt":"2025-06-06T14:35:06","guid":{"rendered":"https:\/\/www.une.edu.pe\/Empresariales\/?p=9044"},"modified":"2025-06-06T09:35:15","modified_gmt":"2025-06-06T14:35:15","slug":"festival-de-la-papa-y-productos-nativos","status":"publish","type":"post","link":"https:\/\/www.une.edu.pe\/Empresariales\/festival-de-la-papa-y-productos-nativos\/","title":{"rendered":"Festival de la Papa y Productos Nativos"},"content":{"rendered":"\t\t<div data-elementor-type=\"wp-post\" data-elementor-id=\"9044\" class=\"elementor elementor-9044\">\n\t\t\t\t\t\t<section class=\"elementor-section elementor-top-section elementor-element elementor-element-7164fe6c elementor-section-boxed elementor-section-height-default elementor-section-height-default\" data-id=\"7164fe6c\" data-element_type=\"section\" data-e-type=\"section\">\n\t\t\t\t\t\t<div class=\"elementor-container elementor-column-gap-default\">\n\t\t\t\t\t<div class=\"elementor-column elementor-col-100 elementor-top-column elementor-element elementor-element-1f8a570b\" data-id=\"1f8a570b\" data-element_type=\"column\" data-e-type=\"column\">\n\t\t\t<div class=\"elementor-widget-wrap elementor-element-populated\">\n\t\t\t\t\t\t<div class=\"elementor-element elementor-element-489add2c elementor-widget elementor-widget-text-editor\" data-id=\"489add2c\" data-element_type=\"widget\" data-e-type=\"widget\" data-widget_type=\"text-editor.default\">\n\t\t\t\t<div class=\"elementor-widget-container\">\n\t\t\t\t\t\t\t\t\t<div class=\"x14z9mp xat24cr x1lziwak x1vvkbs xtlvy1s x126k92a\">\n<div dir=\"auto\">\ud835\uddd9\ud835\uddf2\ud835\ude00\ud835\ude01\ud835\uddf6\ud835\ude03\ud835\uddee\ud835\uddf9 \ud835\uddf1\ud835\uddf2 \ud835\uddf9\ud835\uddee \ud835\udde3\ud835\uddee\ud835\uddfd\ud835\uddee \ud835\ude06 \ud835\udde3\ud835\uddff\ud835\uddfc\ud835\uddf1\ud835\ude02\ud835\uddf0\ud835\ude01\ud835\uddfc\ud835\ude00 \ud835\udde1\ud835\uddee\ud835\ude01\ud835\uddf6\ud835\ude03\ud835\uddfc\ud835\ude00<\/div><div dir=\"auto\"><br><\/div>\n<div dir=\"auto\"><\/div>\n<\/div>\n<div class=\"x14z9mp xat24cr x1lziwak x1vvkbs xtlvy1s x126k92a\">\n<div dir=\"auto\">Este \ud835\ude03\ud835\uddf6\ud835\uddf2\ud835\uddff\ud835\uddfb\ud835\uddf2\ud835\ude00 6 \ud835\uddf1\ud835\uddf2 \ud835\uddf7\ud835\ude02\ud835\uddfb\ud835\uddf6\ud835\uddfc, te invitamos a vivir una experiencia llena de sabor, tradici\u00f3n y cultura en nuestra Expoferia Gastron\u00f3mica de la Papa y Productos Nativos, donde rendimos homenaje a los ingredientes ancestrales que forman parte de nuestra identidad culinaria y cultural.<\/div><div dir=\"auto\"><br><\/div>\n<div dir=\"auto\"><\/div>\n<\/div>\n<div class=\"x14z9mp xat24cr x1lziwak x1vvkbs xtlvy1s x126k92a\">\n<div dir=\"auto\">La actividad, organizada por el Departamento Acad\u00e9mico de Turismo, Hoteler\u00eda y Gastronom\u00eda de la Facultad de Ciencias Empresariales iniciar\u00e1 desde las 9:00 \ud835\uddee. \ud835\uddfa. \ud835\uddf5\ud835\uddee\ud835\ude00\ud835\ude01\ud835\uddee \ud835\uddf9\ud835\uddee\ud835\ude00 3:00 \ud835\uddfd. \ud835\uddfa. en el \ud835\uddf0\ud835\uddee\ud835\uddfa\ud835\uddfd\ud835\uddfc \ud835\uddf1\ud835\uddf2\ud835\uddfd\ud835\uddfc\ud835\uddff\ud835\ude01\ud835\uddf6\ud835\ude03\ud835\uddfc \ud835\uddf1\ud835\uddf2 \ud835\uddf9\ud835\uddee \ud835\uddd9\ud835\uddd4\ud835\uddd6\ud835\uddd8, frente a la Alameda de Los Bobos en el R\u00edmac.<\/div><div dir=\"auto\"><br><\/div>\n<div dir=\"auto\"><\/div>\n<\/div>\n<div class=\"x14z9mp xat24cr x1lziwak x1vvkbs xtlvy1s x126k92a\">\n<div dir=\"auto\">Ven con tus amigos y s\u00e9 parte de esta gran celebraci\u00f3n de nuestras ra\u00edces.<\/div><div dir=\"auto\"><br><\/div>\n<\/div>\t\t\t\t\t\t\t\t<\/div>\n\t\t\t\t<\/div>\n\t\t\t\t\t<\/div>\n\t\t<\/div>\n\t\t\t\t\t<\/div>\n\t\t<\/section>\n\t\t\t\t<\/div>\n\t\t","protected":false},"excerpt":{"rendered":"<p>\ud835\uddd9\ud835\uddf2\ud835\ude00\ud835\ude01\ud835\uddf6\ud835\ude03\ud835\uddee\ud835\uddf9 \ud835\uddf1\ud835\uddf2 \ud835\uddf9\ud835\uddee \ud835\udde3\ud835\uddee\ud835\uddfd\ud835\uddee \ud835\ude06 \ud835\udde3\ud835\uddff\ud835\uddfc\ud835\uddf1\ud835\ude02\ud835\uddf0\ud835\ude01\ud835\uddfc\ud835\ude00 \ud835\udde1\ud835\uddee\ud835\ude01\ud835\uddf6\ud835\ude03\ud835\uddfc\ud835\ude00 Este \ud835\ude03\ud835\uddf6\ud835\uddf2\ud835\uddff\ud835\uddfb\ud835\uddf2\ud835\ude00 6 \ud835\uddf1\ud835\uddf2 \ud835\uddf7\ud835\ude02\ud835\uddfb\ud835\uddf6\ud835\uddfc, te invitamos a vivir una experiencia llena de sabor, tradici\u00f3n y cultura en nuestra Expoferia Gastron\u00f3mica de la Papa y Productos Nativos, donde rendimos homenaje a los ingredientes <a href=\"https:\/\/www.une.edu.pe\/Empresariales\/festival-de-la-papa-y-productos-nativos\/\" class=\"read-more\">Leer m\u00e1s&#8230;<\/a><\/p>\n","protected":false},"author":4,"featured_media":9045,"comment_status":"closed","ping_status":"closed","sticky":false,"template":"","format":"standard","meta":{"footnotes":""},"categories":[2],"tags":[],"class_list":["post-9044","post","type-post","status-publish","format-standard","has-post-thumbnail","hentry","category-eventos"],"_links":{"self":[{"href":"https:\/\/www.une.edu.pe\/Empresariales\/wp-json\/wp\/v2\/posts\/9044","targetHints":{"allow":["GET"]}}],"collection":[{"href":"https:\/\/www.une.edu.pe\/Empresariales\/wp-json\/wp\/v2\/posts"}],"about":[{"href":"https:\/\/www.une.edu.pe\/Empresariales\/wp-json\/wp\/v2\/types\/post"}],"author":[{"embeddable":true,"href":"https:\/\/www.une.edu.pe\/Empresariales\/wp-json\/wp\/v2\/users\/4"}],"replies":[{"embeddable":true,"href":"https:\/\/www.une.edu.pe\/Empresariales\/wp-json\/wp\/v2\/comments?post=9044"}],"version-history":[{"count":4,"href":"https:\/\/www.une.edu.pe\/Empresariales\/wp-json\/wp\/v2\/posts\/9044\/revisions"}],"predecessor-version":[{"id":9049,"href":"https:\/\/www.une.edu.pe\/Empresariales\/wp-json\/wp\/v2\/posts\/9044\/revisions\/9049"}],"wp:featuredmedia":[{"embeddable":true,"href":"https:\/\/www.une.edu.pe\/Empresariales\/wp-json\/wp\/v2\/media\/9045"}],"wp:attachment":[{"href":"https:\/\/www.une.edu.pe\/Empresariales\/wp-json\/wp\/v2\/media?parent=9044"}],"wp:term":[{"taxonomy":"category","embeddable":true,"href":"https:\/\/www.une.edu.pe\/Empresariales\/wp-json\/wp\/v2\/categories?post=9044"},{"taxonomy":"post_tag","embeddable":true,"href":"https:\/\/www.une.edu.pe\/Empresariales\/wp-json\/wp\/v2\/tags?post=9044"}],"curies":[{"name":"wp","href":"https:\/\/api.w.org\/{rel}","templated":true}]}}