{"id":8073,"date":"2024-11-16T16:56:36","date_gmt":"2024-11-16T21:56:36","guid":{"rendered":"https:\/\/www.une.edu.pe\/Empresariales\/?p=8073"},"modified":"2024-11-22T18:21:07","modified_gmt":"2024-11-22T23:21:07","slug":"reuniones-con-grupos-de-interes-para-fortalecer-la-acreditacion-de-los-programas-academicos-de-la-face","status":"publish","type":"post","link":"https:\/\/www.une.edu.pe\/Empresariales\/reuniones-con-grupos-de-interes-para-fortalecer-la-acreditacion-de-los-programas-academicos-de-la-face\/","title":{"rendered":"Reuniones con grupos de inter\u00e9s para fortalecer la acreditaci\u00f3n de los programas acad\u00e9micos de la FACE"},"content":{"rendered":"<p>Con el objetivo de fortalecer el proceso de acreditaci\u00f3n de los programas acad\u00e9micos, la <strong>Facultad de Ciencias Empresariales (FACE)<\/strong> de la Universidad Nacional de Educaci\u00f3n Enrique Guzm\u00e1n y Valle, ha realizado una serie de reuniones clave con los Grupos de Inter\u00e9s de los diferentes programas de estudios. Estas reuniones contaron con la activa participaci\u00f3n de docentes especialistas, estudiantes, egresados, empresarios y otros miembros destacados de los sectores relacionados. A continuaci\u00f3n, destacamos los detalles de los encuentros realizados durante el mes de octubre y noviembre:<\/p>\n<h3><strong>Programa de Turismo y Hoteler\u00eda<\/strong><\/h3>\n<p>El lunes 23 de setiembre, se realiz\u00f3 la primera reuni\u00f3n con el <strong>Grupo de Inter\u00e9s del Comit\u00e9 de Calidad del programa de Turismo y Hoteler\u00eda<\/strong>. La reuni\u00f3n estuvo presidida por la Dra. Liliana Verde Vargas, presidenta del Comit\u00e9 de Calidad de Turismo y Hoteler\u00eda, y la Dra. Katya L\u00f3pez G\u00e1lvez, coordinadora de Gesti\u00f3n de la Calidad FACE, acompa\u00f1adas de la Mtra. Lorena Medrano Rivera, directora de la Escuela Profesional de Turismo, Hoteler\u00eda y Gastronom\u00eda.<\/p>\n<p>Durante este encuentro, se discutieron temas clave para la mejora continua del programa acad\u00e9mico, buscando alinearlo con los est\u00e1ndares internacionales de calidad educativa y las crecientes demandas del sector tur\u00edstico y hotelero. Se presentaron diversas propuestas y sugerencias que ser\u00e1n evaluadas para impulsar la calidad acad\u00e9mica y profesional de los estudiantes.<\/p>\n<h3><strong>Programa de Administraci\u00f3n de Negocios Internacionales<\/strong><\/h3>\n<p>El <strong>l<\/strong>unes 14 de octubre, se celebr\u00f3 la primera reuni\u00f3n con el <strong>Grupo de Inter\u00e9s del Comit\u00e9 de Calidad del programa de Administraci\u00f3n de Negocios Internacionales<\/strong>. El evento cont\u00f3 con la presencia del Dr. Tito Acosta Castro, decano de la FACE, y la Mtra. Zhenya Zubieta Zu\u00f1iga, presidenta del Comit\u00e9 de Calidad del programa. Adem\u00e1s, particip\u00f3 el Dr. Quintter Salas Pittman, director de la Escuela Profesional de Administraci\u00f3n y Negocios Internacionales.<\/p>\n<p>Este encuentro fue un espacio para revisar y discutir estrategias clave que mejoren el programa acad\u00e9mico, aline\u00e1ndolo con los est\u00e1ndares educativos globales y las exigencias del sector de negocios internacionales. Se presentaron propuestas innovadoras para preparar a los estudiantes en la gesti\u00f3n internacional y el comercio global, asegurando que los egresados puedan enfrentar con \u00e9xito los retos del mercado laboral internacional.<\/p>\n<h3><strong>Programa de Administraci\u00f3n de Empresas<\/strong><\/h3>\n<p>El lunes 21 de octubre, se realiz\u00f3 la reuni\u00f3n con el <strong>Grupo de Inter\u00e9s del Comit\u00e9 de Calidad del programa de Administraci\u00f3n de Empresas<\/strong>. Este evento cont\u00f3 con la participaci\u00f3n del Dr. Tito Acosta Castro, decano de la FACE, y el Mtro. Hugo Garc\u00eda Flores, presidente del Comit\u00e9 de Calidad de Administraci\u00f3n de Empresas, junto con el Dr. Quintter Salas Pittman, director de la Escuela Profesional de Administraci\u00f3n y Negocios Internacionales.<\/p>\n<p>Durante la reuni\u00f3n, se discutieron estrategias para mejorar el programa acad\u00e9mico, enfocados en la formaci\u00f3n de l\u00edderes capaces de afrontar los desaf\u00edos de la administraci\u00f3n moderna, la gesti\u00f3n de recursos y el liderazgo en entornos empresariales globales. Las propuestas presentadas buscan garantizar una formaci\u00f3n acad\u00e9mica de calidad que prepare a los estudiantes para enfrentar la competitividad y las demandas del mundo empresarial.<\/p>\n<h3><strong>Programa de Gastronom\u00eda<\/strong><\/h3>\n<p>El mi\u00e9rcoles 6 de noviembre, se realiz\u00f3 la primera reuni\u00f3n con el <strong>Grupo de Inter\u00e9s del Comit\u00e9 de Calidad del programa de Gastronom\u00eda<\/strong>. La reuni\u00f3n estuvo presidida por la Mtra. Julissa Gonzales Quispe, presidenta del Comit\u00e9 de Calidad de Gastronom\u00eda, y la Mtra. Lorena Medrano Rivera, directora de la Escuela Profesional de Turismo, Hoteler\u00eda y Gastronom\u00eda, acompa\u00f1adas del Dr. Quintter Salas Pittman, director de la Escuela Profesional de Administraci\u00f3n y Negocios Internacionales.<\/p>\n<p>En este encuentro, se abordaron temas relacionados con la mejora del perfil profesional y las competencias de los egresados del programa, asegurando que est\u00e9n alineados con las exigencias del sector gastron\u00f3mico, tanto a nivel nacional como internacional. Se presentaron propuestas innovadoras que buscan fortalecer las habilidades t\u00e9cnicas y creativas de los estudiantes, promoviendo una visi\u00f3n \u00e9tica y sostenible en gastronom\u00eda.<\/p>\n<h3><strong>Compromiso con la calidad<\/strong><\/h3>\n<p>Estas reuniones son parte del compromiso de la <strong>Facultad de Ciencias Empresariales<\/strong> de la <strong>UNE<\/strong> con la mejora continua y la excelencia educativa. A trav\u00e9s de la colaboraci\u00f3n activa con los grupos de inter\u00e9s, la Facultad sigue trabajando para garantizar que sus programas de estudios ofrezcan una formaci\u00f3n de alta calidad, adaptada a las necesidades del mercado laboral y a los est\u00e1ndares internacionales.<\/p>\n<p>La FACE continuar\u00e1 con la implementaci\u00f3n de estas estrategias para asegurar que sus programas acad\u00e9micos sigan siendo referentes de calidad, formando profesionales altamente capacitados para enfrentar los retos de un entorno global y competitivo.<\/p>\n<div id='gallery-1' class='gallery galleryid-8073 gallery-columns-2 gallery-size-large'><figure class='gallery-item'>\n\t\t\t<div class='gallery-icon landscape'>\n\t\t\t\t<a href='https:\/\/www.une.edu.pe\/Empresariales\/reuniones-con-grupos-de-interes-para-fortalecer-la-acreditacion-de-los-programas-academicos-de-la-face\/img_7910\/'><img fetchpriority=\"high\" decoding=\"async\" width=\"847\" height=\"476\" src=\"https:\/\/www.une.edu.pe\/Empresariales\/wp-content\/uploads\/2024\/11\/IMG_7910-1024x575.jpg\" class=\"attachment-large size-large\" alt=\"\" srcset=\"https:\/\/www.une.edu.pe\/Empresariales\/wp-content\/uploads\/2024\/11\/IMG_7910-1024x575.jpg 1024w, https:\/\/www.une.edu.pe\/Empresariales\/wp-content\/uploads\/2024\/11\/IMG_7910-300x168.jpg 300w, https:\/\/www.une.edu.pe\/Empresariales\/wp-content\/uploads\/2024\/11\/IMG_7910-768x431.jpg 768w, https:\/\/www.une.edu.pe\/Empresariales\/wp-content\/uploads\/2024\/11\/IMG_7910-1536x862.jpg 1536w, https:\/\/www.une.edu.pe\/Empresariales\/wp-content\/uploads\/2024\/11\/IMG_7910-2048x1150.jpg 2048w, https:\/\/www.une.edu.pe\/Empresariales\/wp-content\/uploads\/2024\/11\/IMG_7910-360x202.jpg 360w\" sizes=\"(max-width: 847px) 100vw, 847px\" \/><\/a>\n\t\t\t<\/div><\/figure><figure class='gallery-item'>\n\t\t\t<div class='gallery-icon landscape'>\n\t\t\t\t<a href='https:\/\/www.une.edu.pe\/Empresariales\/reuniones-con-grupos-de-interes-para-fortalecer-la-acreditacion-de-los-programas-academicos-de-la-face\/img_7913\/'><img decoding=\"async\" width=\"847\" height=\"476\" src=\"https:\/\/www.une.edu.pe\/Empresariales\/wp-content\/uploads\/2024\/11\/IMG_7913-1024x575.jpg\" class=\"attachment-large size-large\" alt=\"\" srcset=\"https:\/\/www.une.edu.pe\/Empresariales\/wp-content\/uploads\/2024\/11\/IMG_7913-1024x575.jpg 1024w, https:\/\/www.une.edu.pe\/Empresariales\/wp-content\/uploads\/2024\/11\/IMG_7913-300x168.jpg 300w, https:\/\/www.une.edu.pe\/Empresariales\/wp-content\/uploads\/2024\/11\/IMG_7913-768x431.jpg 768w, https:\/\/www.une.edu.pe\/Empresariales\/wp-content\/uploads\/2024\/11\/IMG_7913-1536x862.jpg 1536w, https:\/\/www.une.edu.pe\/Empresariales\/wp-content\/uploads\/2024\/11\/IMG_7913-2048x1150.jpg 2048w, https:\/\/www.une.edu.pe\/Empresariales\/wp-content\/uploads\/2024\/11\/IMG_7913-360x202.jpg 360w\" sizes=\"(max-width: 847px) 100vw, 847px\" \/><\/a>\n\t\t\t<\/div><\/figure><figure class='gallery-item'>\n\t\t\t<div class='gallery-icon landscape'>\n\t\t\t\t<a href='https:\/\/www.une.edu.pe\/Empresariales\/reuniones-con-grupos-de-interes-para-fortalecer-la-acreditacion-de-los-programas-academicos-de-la-face\/img_7903\/'><img decoding=\"async\" width=\"847\" height=\"476\" src=\"https:\/\/www.une.edu.pe\/Empresariales\/wp-content\/uploads\/2024\/11\/IMG_7903-1024x575.jpg\" class=\"attachment-large size-large\" alt=\"\" srcset=\"https:\/\/www.une.edu.pe\/Empresariales\/wp-content\/uploads\/2024\/11\/IMG_7903-1024x575.jpg 1024w, https:\/\/www.une.edu.pe\/Empresariales\/wp-content\/uploads\/2024\/11\/IMG_7903-300x168.jpg 300w, https:\/\/www.une.edu.pe\/Empresariales\/wp-content\/uploads\/2024\/11\/IMG_7903-768x431.jpg 768w, https:\/\/www.une.edu.pe\/Empresariales\/wp-content\/uploads\/2024\/11\/IMG_7903-1536x862.jpg 1536w, https:\/\/www.une.edu.pe\/Empresariales\/wp-content\/uploads\/2024\/11\/IMG_7903-2048x1150.jpg 2048w, https:\/\/www.une.edu.pe\/Empresariales\/wp-content\/uploads\/2024\/11\/IMG_7903-360x202.jpg 360w\" sizes=\"(max-width: 847px) 100vw, 847px\" \/><\/a>\n\t\t\t<\/div><\/figure><figure class='gallery-item'>\n\t\t\t<div class='gallery-icon landscape'>\n\t\t\t\t<a href='https:\/\/www.une.edu.pe\/Empresariales\/reuniones-con-grupos-de-interes-para-fortalecer-la-acreditacion-de-los-programas-academicos-de-la-face\/img_7919\/'><img loading=\"lazy\" decoding=\"async\" width=\"847\" height=\"476\" src=\"https:\/\/www.une.edu.pe\/Empresariales\/wp-content\/uploads\/2024\/11\/IMG_7919-1024x575.jpg\" class=\"attachment-large size-large\" alt=\"\" srcset=\"https:\/\/www.une.edu.pe\/Empresariales\/wp-content\/uploads\/2024\/11\/IMG_7919-1024x575.jpg 1024w, https:\/\/www.une.edu.pe\/Empresariales\/wp-content\/uploads\/2024\/11\/IMG_7919-300x168.jpg 300w, https:\/\/www.une.edu.pe\/Empresariales\/wp-content\/uploads\/2024\/11\/IMG_7919-768x431.jpg 768w, https:\/\/www.une.edu.pe\/Empresariales\/wp-content\/uploads\/2024\/11\/IMG_7919-1536x862.jpg 1536w, https:\/\/www.une.edu.pe\/Empresariales\/wp-content\/uploads\/2024\/11\/IMG_7919-2048x1150.jpg 2048w, https:\/\/www.une.edu.pe\/Empresariales\/wp-content\/uploads\/2024\/11\/IMG_7919-360x202.jpg 360w\" sizes=\"(max-width: 847px) 100vw, 847px\" \/><\/a>\n\t\t\t<\/div><\/figure><figure class='gallery-item'>\n\t\t\t<div class='gallery-icon landscape'>\n\t\t\t\t<a href='https:\/\/www.une.edu.pe\/Empresariales\/reuniones-con-grupos-de-interes-para-fortalecer-la-acreditacion-de-los-programas-academicos-de-la-face\/img_7973\/'><img loading=\"lazy\" decoding=\"async\" width=\"847\" height=\"476\" src=\"https:\/\/www.une.edu.pe\/Empresariales\/wp-content\/uploads\/2024\/11\/IMG_7973-1024x575.jpg\" class=\"attachment-large size-large\" alt=\"\" srcset=\"https:\/\/www.une.edu.pe\/Empresariales\/wp-content\/uploads\/2024\/11\/IMG_7973-1024x575.jpg 1024w, https:\/\/www.une.edu.pe\/Empresariales\/wp-content\/uploads\/2024\/11\/IMG_7973-300x168.jpg 300w, https:\/\/www.une.edu.pe\/Empresariales\/wp-content\/uploads\/2024\/11\/IMG_7973-768x431.jpg 768w, https:\/\/www.une.edu.pe\/Empresariales\/wp-content\/uploads\/2024\/11\/IMG_7973-1536x862.jpg 1536w, https:\/\/www.une.edu.pe\/Empresariales\/wp-content\/uploads\/2024\/11\/IMG_7973-2048x1150.jpg 2048w, https:\/\/www.une.edu.pe\/Empresariales\/wp-content\/uploads\/2024\/11\/IMG_7973-360x202.jpg 360w\" sizes=\"(max-width: 847px) 100vw, 847px\" \/><\/a>\n\t\t\t<\/div><\/figure><figure class='gallery-item'>\n\t\t\t<div class='gallery-icon landscape'>\n\t\t\t\t<a href='https:\/\/www.une.edu.pe\/Empresariales\/reuniones-con-grupos-de-interes-para-fortalecer-la-acreditacion-de-los-programas-academicos-de-la-face\/img_7981\/'><img loading=\"lazy\" decoding=\"async\" width=\"847\" height=\"476\" src=\"https:\/\/www.une.edu.pe\/Empresariales\/wp-content\/uploads\/2024\/11\/IMG_7981-1024x575.jpg\" class=\"attachment-large size-large\" alt=\"\" srcset=\"https:\/\/www.une.edu.pe\/Empresariales\/wp-content\/uploads\/2024\/11\/IMG_7981-1024x575.jpg 1024w, https:\/\/www.une.edu.pe\/Empresariales\/wp-content\/uploads\/2024\/11\/IMG_7981-300x168.jpg 300w, https:\/\/www.une.edu.pe\/Empresariales\/wp-content\/uploads\/2024\/11\/IMG_7981-768x431.jpg 768w, https:\/\/www.une.edu.pe\/Empresariales\/wp-content\/uploads\/2024\/11\/IMG_7981-1536x862.jpg 1536w, https:\/\/www.une.edu.pe\/Empresariales\/wp-content\/uploads\/2024\/11\/IMG_7981-2048x1150.jpg 2048w, https:\/\/www.une.edu.pe\/Empresariales\/wp-content\/uploads\/2024\/11\/IMG_7981-360x202.jpg 360w\" sizes=\"(max-width: 847px) 100vw, 847px\" \/><\/a>\n\t\t\t<\/div><\/figure><figure class='gallery-item'>\n\t\t\t<div class='gallery-icon landscape'>\n\t\t\t\t<a href='https:\/\/www.une.edu.pe\/Empresariales\/reuniones-con-grupos-de-interes-para-fortalecer-la-acreditacion-de-los-programas-academicos-de-la-face\/img_7985\/'><img loading=\"lazy\" decoding=\"async\" width=\"847\" height=\"476\" src=\"https:\/\/www.une.edu.pe\/Empresariales\/wp-content\/uploads\/2024\/11\/IMG_7985-1024x575.jpg\" class=\"attachment-large size-large\" alt=\"\" srcset=\"https:\/\/www.une.edu.pe\/Empresariales\/wp-content\/uploads\/2024\/11\/IMG_7985-1024x575.jpg 1024w, https:\/\/www.une.edu.pe\/Empresariales\/wp-content\/uploads\/2024\/11\/IMG_7985-300x168.jpg 300w, https:\/\/www.une.edu.pe\/Empresariales\/wp-content\/uploads\/2024\/11\/IMG_7985-768x431.jpg 768w, https:\/\/www.une.edu.pe\/Empresariales\/wp-content\/uploads\/2024\/11\/IMG_7985-1536x862.jpg 1536w, https:\/\/www.une.edu.pe\/Empresariales\/wp-content\/uploads\/2024\/11\/IMG_7985-2048x1150.jpg 2048w, https:\/\/www.une.edu.pe\/Empresariales\/wp-content\/uploads\/2024\/11\/IMG_7985-360x202.jpg 360w\" sizes=\"(max-width: 847px) 100vw, 847px\" \/><\/a>\n\t\t\t<\/div><\/figure><figure class='gallery-item'>\n\t\t\t<div class='gallery-icon landscape'>\n\t\t\t\t<a href='https:\/\/www.une.edu.pe\/Empresariales\/reuniones-con-grupos-de-interes-para-fortalecer-la-acreditacion-de-los-programas-academicos-de-la-face\/img_8042\/'><img loading=\"lazy\" decoding=\"async\" width=\"847\" height=\"476\" src=\"https:\/\/www.une.edu.pe\/Empresariales\/wp-content\/uploads\/2024\/11\/IMG_8042-1024x575.jpg\" class=\"attachment-large size-large\" alt=\"\" srcset=\"https:\/\/www.une.edu.pe\/Empresariales\/wp-content\/uploads\/2024\/11\/IMG_8042-1024x575.jpg 1024w, https:\/\/www.une.edu.pe\/Empresariales\/wp-content\/uploads\/2024\/11\/IMG_8042-300x168.jpg 300w, https:\/\/www.une.edu.pe\/Empresariales\/wp-content\/uploads\/2024\/11\/IMG_8042-768x431.jpg 768w, https:\/\/www.une.edu.pe\/Empresariales\/wp-content\/uploads\/2024\/11\/IMG_8042-1536x862.jpg 1536w, https:\/\/www.une.edu.pe\/Empresariales\/wp-content\/uploads\/2024\/11\/IMG_8042-2048x1150.jpg 2048w, https:\/\/www.une.edu.pe\/Empresariales\/wp-content\/uploads\/2024\/11\/IMG_8042-360x202.jpg 360w\" sizes=\"(max-width: 847px) 100vw, 847px\" \/><\/a>\n\t\t\t<\/div><\/figure><figure class='gallery-item'>\n\t\t\t<div class='gallery-icon landscape'>\n\t\t\t\t<a href='https:\/\/www.une.edu.pe\/Empresariales\/reuniones-con-grupos-de-interes-para-fortalecer-la-acreditacion-de-los-programas-academicos-de-la-face\/img_8044\/'><img loading=\"lazy\" decoding=\"async\" width=\"847\" height=\"476\" src=\"https:\/\/www.une.edu.pe\/Empresariales\/wp-content\/uploads\/2024\/11\/IMG_8044-1024x575.jpg\" class=\"attachment-large size-large\" alt=\"\" srcset=\"https:\/\/www.une.edu.pe\/Empresariales\/wp-content\/uploads\/2024\/11\/IMG_8044-1024x575.jpg 1024w, https:\/\/www.une.edu.pe\/Empresariales\/wp-content\/uploads\/2024\/11\/IMG_8044-300x168.jpg 300w, https:\/\/www.une.edu.pe\/Empresariales\/wp-content\/uploads\/2024\/11\/IMG_8044-768x431.jpg 768w, https:\/\/www.une.edu.pe\/Empresariales\/wp-content\/uploads\/2024\/11\/IMG_8044-1536x862.jpg 1536w, https:\/\/www.une.edu.pe\/Empresariales\/wp-content\/uploads\/2024\/11\/IMG_8044-2048x1150.jpg 2048w, https:\/\/www.une.edu.pe\/Empresariales\/wp-content\/uploads\/2024\/11\/IMG_8044-360x202.jpg 360w\" sizes=\"(max-width: 847px) 100vw, 847px\" \/><\/a>\n\t\t\t<\/div><\/figure><figure class='gallery-item'>\n\t\t\t<div class='gallery-icon landscape'>\n\t\t\t\t<a href='https:\/\/www.une.edu.pe\/Empresariales\/reuniones-con-grupos-de-interes-para-fortalecer-la-acreditacion-de-los-programas-academicos-de-la-face\/img_8253\/'><img loading=\"lazy\" decoding=\"async\" width=\"847\" height=\"476\" src=\"https:\/\/www.une.edu.pe\/Empresariales\/wp-content\/uploads\/2024\/11\/IMG_8253-1024x575.jpg\" class=\"attachment-large size-large\" alt=\"\" srcset=\"https:\/\/www.une.edu.pe\/Empresariales\/wp-content\/uploads\/2024\/11\/IMG_8253-1024x575.jpg 1024w, https:\/\/www.une.edu.pe\/Empresariales\/wp-content\/uploads\/2024\/11\/IMG_8253-300x168.jpg 300w, https:\/\/www.une.edu.pe\/Empresariales\/wp-content\/uploads\/2024\/11\/IMG_8253-768x431.jpg 768w, https:\/\/www.une.edu.pe\/Empresariales\/wp-content\/uploads\/2024\/11\/IMG_8253-1536x862.jpg 1536w, https:\/\/www.une.edu.pe\/Empresariales\/wp-content\/uploads\/2024\/11\/IMG_8253-2048x1150.jpg 2048w, https:\/\/www.une.edu.pe\/Empresariales\/wp-content\/uploads\/2024\/11\/IMG_8253-360x202.jpg 360w\" sizes=\"(max-width: 847px) 100vw, 847px\" \/><\/a>\n\t\t\t<\/div><\/figure><figure class='gallery-item'>\n\t\t\t<div class='gallery-icon landscape'>\n\t\t\t\t<a href='https:\/\/www.une.edu.pe\/Empresariales\/reuniones-con-grupos-de-interes-para-fortalecer-la-acreditacion-de-los-programas-academicos-de-la-face\/img_8260\/'><img loading=\"lazy\" decoding=\"async\" width=\"847\" height=\"476\" src=\"https:\/\/www.une.edu.pe\/Empresariales\/wp-content\/uploads\/2024\/11\/IMG_8260-1024x575.jpg\" class=\"attachment-large size-large\" alt=\"\" srcset=\"https:\/\/www.une.edu.pe\/Empresariales\/wp-content\/uploads\/2024\/11\/IMG_8260-1024x575.jpg 1024w, https:\/\/www.une.edu.pe\/Empresariales\/wp-content\/uploads\/2024\/11\/IMG_8260-300x168.jpg 300w, https:\/\/www.une.edu.pe\/Empresariales\/wp-content\/uploads\/2024\/11\/IMG_8260-768x431.jpg 768w, https:\/\/www.une.edu.pe\/Empresariales\/wp-content\/uploads\/2024\/11\/IMG_8260-1536x862.jpg 1536w, https:\/\/www.une.edu.pe\/Empresariales\/wp-content\/uploads\/2024\/11\/IMG_8260-2048x1150.jpg 2048w, https:\/\/www.une.edu.pe\/Empresariales\/wp-content\/uploads\/2024\/11\/IMG_8260-360x202.jpg 360w\" sizes=\"(max-width: 847px) 100vw, 847px\" \/><\/a>\n\t\t\t<\/div><\/figure><figure class='gallery-item'>\n\t\t\t<div class='gallery-icon landscape'>\n\t\t\t\t<a href='https:\/\/www.une.edu.pe\/Empresariales\/reuniones-con-grupos-de-interes-para-fortalecer-la-acreditacion-de-los-programas-academicos-de-la-face\/img_8268\/'><img loading=\"lazy\" decoding=\"async\" width=\"847\" height=\"476\" src=\"https:\/\/www.une.edu.pe\/Empresariales\/wp-content\/uploads\/2024\/11\/IMG_8268-1024x575.jpg\" class=\"attachment-large size-large\" alt=\"\" srcset=\"https:\/\/www.une.edu.pe\/Empresariales\/wp-content\/uploads\/2024\/11\/IMG_8268-1024x575.jpg 1024w, https:\/\/www.une.edu.pe\/Empresariales\/wp-content\/uploads\/2024\/11\/IMG_8268-300x168.jpg 300w, https:\/\/www.une.edu.pe\/Empresariales\/wp-content\/uploads\/2024\/11\/IMG_8268-768x431.jpg 768w, https:\/\/www.une.edu.pe\/Empresariales\/wp-content\/uploads\/2024\/11\/IMG_8268-1536x862.jpg 1536w, https:\/\/www.une.edu.pe\/Empresariales\/wp-content\/uploads\/2024\/11\/IMG_8268-2048x1150.jpg 2048w, https:\/\/www.une.edu.pe\/Empresariales\/wp-content\/uploads\/2024\/11\/IMG_8268-360x202.jpg 360w\" sizes=\"(max-width: 847px) 100vw, 847px\" \/><\/a>\n\t\t\t<\/div><\/figure>\n\t\t<\/div>\n\n<p>&nbsp;<\/p>\n","protected":false},"excerpt":{"rendered":"<p>Con el objetivo de fortalecer el proceso de acreditaci\u00f3n de los programas acad\u00e9micos, la Facultad de Ciencias Empresariales (FACE) de la Universidad Nacional de Educaci\u00f3n Enrique Guzm\u00e1n y Valle, ha realizado una serie de reuniones clave con los Grupos de <a href=\"https:\/\/www.une.edu.pe\/Empresariales\/reuniones-con-grupos-de-interes-para-fortalecer-la-acreditacion-de-los-programas-academicos-de-la-face\/\" class=\"read-more\">Leer m\u00e1s&#8230;<\/a><\/p>\n","protected":false},"author":4,"featured_media":8087,"comment_status":"closed","ping_status":"closed","sticky":false,"template":"","format":"standard","meta":{"footnotes":""},"categories":[1],"tags":[],"class_list":["post-8073","post","type-post","status-publish","format-standard","has-post-thumbnail","hentry","category-noticias"],"_links":{"self":[{"href":"https:\/\/www.une.edu.pe\/Empresariales\/wp-json\/wp\/v2\/posts\/8073","targetHints":{"allow":["GET"]}}],"collection":[{"href":"https:\/\/www.une.edu.pe\/Empresariales\/wp-json\/wp\/v2\/posts"}],"about":[{"href":"https:\/\/www.une.edu.pe\/Empresariales\/wp-json\/wp\/v2\/types\/post"}],"author":[{"embeddable":true,"href":"https:\/\/www.une.edu.pe\/Empresariales\/wp-json\/wp\/v2\/users\/4"}],"replies":[{"embeddable":true,"href":"https:\/\/www.une.edu.pe\/Empresariales\/wp-json\/wp\/v2\/comments?post=8073"}],"version-history":[{"count":4,"href":"https:\/\/www.une.edu.pe\/Empresariales\/wp-json\/wp\/v2\/posts\/8073\/revisions"}],"predecessor-version":[{"id":8129,"href":"https:\/\/www.une.edu.pe\/Empresariales\/wp-json\/wp\/v2\/posts\/8073\/revisions\/8129"}],"wp:featuredmedia":[{"embeddable":true,"href":"https:\/\/www.une.edu.pe\/Empresariales\/wp-json\/wp\/v2\/media\/8087"}],"wp:attachment":[{"href":"https:\/\/www.une.edu.pe\/Empresariales\/wp-json\/wp\/v2\/media?parent=8073"}],"wp:term":[{"taxonomy":"category","embeddable":true,"href":"https:\/\/www.une.edu.pe\/Empresariales\/wp-json\/wp\/v2\/categories?post=8073"},{"taxonomy":"post_tag","embeddable":true,"href":"https:\/\/www.une.edu.pe\/Empresariales\/wp-json\/wp\/v2\/tags?post=8073"}],"curies":[{"name":"wp","href":"https:\/\/api.w.org\/{rel}","templated":true}]}}