{"id":8058,"date":"2024-10-24T19:42:06","date_gmt":"2024-10-25T00:42:06","guid":{"rendered":"https:\/\/www.une.edu.pe\/Empresariales\/?p=8058"},"modified":"2024-10-24T19:42:06","modified_gmt":"2024-10-25T00:42:06","slug":"responsabilidad-social-universitaria-nuevos-proyectos-para-capacitar-a-jovenes-en-el-rimac","status":"publish","type":"post","link":"https:\/\/www.une.edu.pe\/Empresariales\/responsabilidad-social-universitaria-nuevos-proyectos-para-capacitar-a-jovenes-en-el-rimac\/","title":{"rendered":"Responsabilidad Social Universitaria: Nuevos proyectos para capacitar a j\u00f3venes en el R\u00edmac"},"content":{"rendered":"<div class=\"flex max-w-full flex-col flex-grow\">\n<div class=\"min-h-8 text-message flex w-full flex-col items-end gap-2 whitespace-normal break-words [.text-message+&amp;]:mt-5\" dir=\"auto\" data-message-author-role=\"assistant\" data-message-id=\"343c01c3-98af-4caf-975c-e81260b88cc7\" data-message-model-slug=\"gpt-4o-mini\">\n<div class=\"flex w-full flex-col gap-1 empty:hidden first:pt-[3px]\">\n<div class=\"markdown prose w-full break-words dark:prose-invert light\">\n<p>El 16 de octubre, se dio inicio al proyecto <strong>\u00abFortalecimiento t\u00e9cnico en turismo, hoteler\u00eda y gastronom\u00eda\u00bb<\/strong> en la I.E. Lucie Rynning de Ant\u00fanez de Mayolo del R\u00edmac. Esta iniciativa, es liderada por la Dra. Luc\u00eda Panta Sifuentes, coordinadora de Extensi\u00f3n Cultural y Proyecci\u00f3n Social de la Facultad de Ciencias Empresariales de la Universidad Nacional de Educaci\u00f3n Enrique Guzm\u00e1n y Valle. Su principal objetivo es capacitar a estudiantes de secundaria en competencias esenciales en estas \u00e1reas, fomentando la sostenibilidad y el desarrollo econ\u00f3mico local.<\/p>\n<p>Durante este semestre, se realizar\u00e1n talleres te\u00f3ricos y pr\u00e1cticos, adem\u00e1s de visitas a empresas, donde la participaci\u00f3n de estudiantes y docentes de los cursos de l\u00ednea de RSU (Responsabilidad Social Universitaria) ser\u00e1 fundamental para el \u00e9xito de la iniciativa. Este enfoque no solo busca enriquecer el aprendizaje de los j\u00f3venes, sino tambi\u00e9n contribuir al crecimiento de la comunidad.<\/p>\n<p>Asimismo, el 21 de octubre, se lanz\u00f3 otro proyecto en la misma instituci\u00f3n, centrado en el <strong>\u00abFortalecimiento t\u00e9cnico en administraci\u00f3n y negocios internacionales\u00bb<\/strong>. Este programa tambi\u00e9n se alinear\u00e1 con los principios de sostenibilidad y desarrollo econ\u00f3mico global. La Dra. Panta Sifuentes evalu\u00f3 el conocimiento previo de las estudiantes de la instituci\u00f3n educativa mediante un test, asegurando que los talleres cuenten con la participaci\u00f3n activa de docentes y estudiantes de la Facultad, y se adapten a las necesidades de las j\u00f3venes.<\/p>\n<p>Ambos proyectos representan un compromiso significativo de la FACE hacia la formaci\u00f3n integral de los estudiantes y su integraci\u00f3n en el desarrollo de su comunidad, reflejando los valores de la Responsabilidad Social Universitaria.<\/p>\n<div id='gallery-1' class='gallery galleryid-8058 gallery-columns-2 gallery-size-large'><figure class='gallery-item'>\n\t\t\t<div class='gallery-icon landscape'>\n\t\t\t\t<a href='https:\/\/www.une.edu.pe\/Empresariales\/responsabilidad-social-universitaria-nuevos-proyectos-para-capacitar-a-jovenes-en-el-rimac\/img_7996\/'><img fetchpriority=\"high\" decoding=\"async\" width=\"847\" height=\"476\" src=\"https:\/\/www.une.edu.pe\/Empresariales\/wp-content\/uploads\/2024\/10\/IMG_7996-1024x575.jpg\" class=\"attachment-large size-large\" alt=\"\" srcset=\"https:\/\/www.une.edu.pe\/Empresariales\/wp-content\/uploads\/2024\/10\/IMG_7996-1024x575.jpg 1024w, https:\/\/www.une.edu.pe\/Empresariales\/wp-content\/uploads\/2024\/10\/IMG_7996-300x168.jpg 300w, https:\/\/www.une.edu.pe\/Empresariales\/wp-content\/uploads\/2024\/10\/IMG_7996-768x431.jpg 768w, https:\/\/www.une.edu.pe\/Empresariales\/wp-content\/uploads\/2024\/10\/IMG_7996-1536x862.jpg 1536w, https:\/\/www.une.edu.pe\/Empresariales\/wp-content\/uploads\/2024\/10\/IMG_7996-2048x1150.jpg 2048w, https:\/\/www.une.edu.pe\/Empresariales\/wp-content\/uploads\/2024\/10\/IMG_7996-360x202.jpg 360w\" sizes=\"(max-width: 847px) 100vw, 847px\" \/><\/a>\n\t\t\t<\/div><\/figure><figure class='gallery-item'>\n\t\t\t<div class='gallery-icon landscape'>\n\t\t\t\t<a href='https:\/\/www.une.edu.pe\/Empresariales\/responsabilidad-social-universitaria-nuevos-proyectos-para-capacitar-a-jovenes-en-el-rimac\/img_7998\/'><img decoding=\"async\" width=\"847\" height=\"476\" src=\"https:\/\/www.une.edu.pe\/Empresariales\/wp-content\/uploads\/2024\/10\/IMG_7998-1024x575.jpg\" class=\"attachment-large size-large\" alt=\"\" srcset=\"https:\/\/www.une.edu.pe\/Empresariales\/wp-content\/uploads\/2024\/10\/IMG_7998-1024x575.jpg 1024w, https:\/\/www.une.edu.pe\/Empresariales\/wp-content\/uploads\/2024\/10\/IMG_7998-300x168.jpg 300w, https:\/\/www.une.edu.pe\/Empresariales\/wp-content\/uploads\/2024\/10\/IMG_7998-768x431.jpg 768w, https:\/\/www.une.edu.pe\/Empresariales\/wp-content\/uploads\/2024\/10\/IMG_7998-1536x862.jpg 1536w, https:\/\/www.une.edu.pe\/Empresariales\/wp-content\/uploads\/2024\/10\/IMG_7998-2048x1150.jpg 2048w, https:\/\/www.une.edu.pe\/Empresariales\/wp-content\/uploads\/2024\/10\/IMG_7998-360x202.jpg 360w\" sizes=\"(max-width: 847px) 100vw, 847px\" \/><\/a>\n\t\t\t<\/div><\/figure><figure class='gallery-item'>\n\t\t\t<div class='gallery-icon landscape'>\n\t\t\t\t<a href='https:\/\/www.une.edu.pe\/Empresariales\/responsabilidad-social-universitaria-nuevos-proyectos-para-capacitar-a-jovenes-en-el-rimac\/img_8003\/'><img decoding=\"async\" width=\"847\" height=\"476\" src=\"https:\/\/www.une.edu.pe\/Empresariales\/wp-content\/uploads\/2024\/10\/IMG_8003-1024x575.jpg\" class=\"attachment-large size-large\" alt=\"\" srcset=\"https:\/\/www.une.edu.pe\/Empresariales\/wp-content\/uploads\/2024\/10\/IMG_8003-1024x575.jpg 1024w, https:\/\/www.une.edu.pe\/Empresariales\/wp-content\/uploads\/2024\/10\/IMG_8003-300x168.jpg 300w, https:\/\/www.une.edu.pe\/Empresariales\/wp-content\/uploads\/2024\/10\/IMG_8003-768x431.jpg 768w, https:\/\/www.une.edu.pe\/Empresariales\/wp-content\/uploads\/2024\/10\/IMG_8003-1536x862.jpg 1536w, https:\/\/www.une.edu.pe\/Empresariales\/wp-content\/uploads\/2024\/10\/IMG_8003-2048x1150.jpg 2048w, https:\/\/www.une.edu.pe\/Empresariales\/wp-content\/uploads\/2024\/10\/IMG_8003-360x202.jpg 360w\" sizes=\"(max-width: 847px) 100vw, 847px\" \/><\/a>\n\t\t\t<\/div><\/figure><figure class='gallery-item'>\n\t\t\t<div class='gallery-icon landscape'>\n\t\t\t\t<a href='https:\/\/www.une.edu.pe\/Empresariales\/responsabilidad-social-universitaria-nuevos-proyectos-para-capacitar-a-jovenes-en-el-rimac\/img_8031\/'><img loading=\"lazy\" decoding=\"async\" width=\"847\" height=\"476\" src=\"https:\/\/www.une.edu.pe\/Empresariales\/wp-content\/uploads\/2024\/10\/IMG_8031-1024x575.jpg\" class=\"attachment-large size-large\" alt=\"\" srcset=\"https:\/\/www.une.edu.pe\/Empresariales\/wp-content\/uploads\/2024\/10\/IMG_8031-1024x575.jpg 1024w, https:\/\/www.une.edu.pe\/Empresariales\/wp-content\/uploads\/2024\/10\/IMG_8031-300x168.jpg 300w, https:\/\/www.une.edu.pe\/Empresariales\/wp-content\/uploads\/2024\/10\/IMG_8031-768x431.jpg 768w, https:\/\/www.une.edu.pe\/Empresariales\/wp-content\/uploads\/2024\/10\/IMG_8031-1536x862.jpg 1536w, https:\/\/www.une.edu.pe\/Empresariales\/wp-content\/uploads\/2024\/10\/IMG_8031-2048x1150.jpg 2048w, https:\/\/www.une.edu.pe\/Empresariales\/wp-content\/uploads\/2024\/10\/IMG_8031-360x202.jpg 360w\" sizes=\"(max-width: 847px) 100vw, 847px\" \/><\/a>\n\t\t\t<\/div><\/figure><figure class='gallery-item'>\n\t\t\t<div class='gallery-icon landscape'>\n\t\t\t\t<a href='https:\/\/www.une.edu.pe\/Empresariales\/responsabilidad-social-universitaria-nuevos-proyectos-para-capacitar-a-jovenes-en-el-rimac\/img_8032\/'><img loading=\"lazy\" decoding=\"async\" width=\"847\" height=\"476\" src=\"https:\/\/www.une.edu.pe\/Empresariales\/wp-content\/uploads\/2024\/10\/IMG_8032-1024x575.jpg\" class=\"attachment-large size-large\" alt=\"\" srcset=\"https:\/\/www.une.edu.pe\/Empresariales\/wp-content\/uploads\/2024\/10\/IMG_8032-1024x575.jpg 1024w, https:\/\/www.une.edu.pe\/Empresariales\/wp-content\/uploads\/2024\/10\/IMG_8032-300x168.jpg 300w, https:\/\/www.une.edu.pe\/Empresariales\/wp-content\/uploads\/2024\/10\/IMG_8032-768x431.jpg 768w, https:\/\/www.une.edu.pe\/Empresariales\/wp-content\/uploads\/2024\/10\/IMG_8032-1536x862.jpg 1536w, https:\/\/www.une.edu.pe\/Empresariales\/wp-content\/uploads\/2024\/10\/IMG_8032-2048x1150.jpg 2048w, https:\/\/www.une.edu.pe\/Empresariales\/wp-content\/uploads\/2024\/10\/IMG_8032-360x202.jpg 360w\" sizes=\"(max-width: 847px) 100vw, 847px\" \/><\/a>\n\t\t\t<\/div><\/figure><figure class='gallery-item'>\n\t\t\t<div class='gallery-icon landscape'>\n\t\t\t\t<a href='https:\/\/www.une.edu.pe\/Empresariales\/responsabilidad-social-universitaria-nuevos-proyectos-para-capacitar-a-jovenes-en-el-rimac\/img_8034-1\/'><img loading=\"lazy\" decoding=\"async\" width=\"847\" height=\"476\" src=\"https:\/\/www.une.edu.pe\/Empresariales\/wp-content\/uploads\/2024\/10\/IMG_8034-1-1024x575.jpg\" class=\"attachment-large size-large\" alt=\"\" srcset=\"https:\/\/www.une.edu.pe\/Empresariales\/wp-content\/uploads\/2024\/10\/IMG_8034-1-1024x575.jpg 1024w, https:\/\/www.une.edu.pe\/Empresariales\/wp-content\/uploads\/2024\/10\/IMG_8034-1-300x168.jpg 300w, https:\/\/www.une.edu.pe\/Empresariales\/wp-content\/uploads\/2024\/10\/IMG_8034-1-768x431.jpg 768w, https:\/\/www.une.edu.pe\/Empresariales\/wp-content\/uploads\/2024\/10\/IMG_8034-1-1536x862.jpg 1536w, https:\/\/www.une.edu.pe\/Empresariales\/wp-content\/uploads\/2024\/10\/IMG_8034-1-2048x1150.jpg 2048w, https:\/\/www.une.edu.pe\/Empresariales\/wp-content\/uploads\/2024\/10\/IMG_8034-1-360x202.jpg 360w\" sizes=\"(max-width: 847px) 100vw, 847px\" \/><\/a>\n\t\t\t<\/div><\/figure><figure class='gallery-item'>\n\t\t\t<div class='gallery-icon landscape'>\n\t\t\t\t<a href='https:\/\/www.une.edu.pe\/Empresariales\/responsabilidad-social-universitaria-nuevos-proyectos-para-capacitar-a-jovenes-en-el-rimac\/img_8035\/'><img loading=\"lazy\" decoding=\"async\" width=\"847\" height=\"476\" src=\"https:\/\/www.une.edu.pe\/Empresariales\/wp-content\/uploads\/2024\/10\/IMG_8035-1024x575.jpg\" class=\"attachment-large size-large\" alt=\"\" srcset=\"https:\/\/www.une.edu.pe\/Empresariales\/wp-content\/uploads\/2024\/10\/IMG_8035-1024x575.jpg 1024w, https:\/\/www.une.edu.pe\/Empresariales\/wp-content\/uploads\/2024\/10\/IMG_8035-300x168.jpg 300w, https:\/\/www.une.edu.pe\/Empresariales\/wp-content\/uploads\/2024\/10\/IMG_8035-768x431.jpg 768w, https:\/\/www.une.edu.pe\/Empresariales\/wp-content\/uploads\/2024\/10\/IMG_8035-1536x862.jpg 1536w, https:\/\/www.une.edu.pe\/Empresariales\/wp-content\/uploads\/2024\/10\/IMG_8035-2048x1150.jpg 2048w, https:\/\/www.une.edu.pe\/Empresariales\/wp-content\/uploads\/2024\/10\/IMG_8035-360x202.jpg 360w\" sizes=\"(max-width: 847px) 100vw, 847px\" \/><\/a>\n\t\t\t<\/div><\/figure><figure class='gallery-item'>\n\t\t\t<div class='gallery-icon landscape'>\n\t\t\t\t<a href='https:\/\/www.une.edu.pe\/Empresariales\/responsabilidad-social-universitaria-nuevos-proyectos-para-capacitar-a-jovenes-en-el-rimac\/img_8038\/'><img loading=\"lazy\" decoding=\"async\" width=\"847\" height=\"476\" src=\"https:\/\/www.une.edu.pe\/Empresariales\/wp-content\/uploads\/2024\/10\/IMG_8038-1024x575.jpg\" class=\"attachment-large size-large\" alt=\"\" srcset=\"https:\/\/www.une.edu.pe\/Empresariales\/wp-content\/uploads\/2024\/10\/IMG_8038-1024x575.jpg 1024w, https:\/\/www.une.edu.pe\/Empresariales\/wp-content\/uploads\/2024\/10\/IMG_8038-300x168.jpg 300w, https:\/\/www.une.edu.pe\/Empresariales\/wp-content\/uploads\/2024\/10\/IMG_8038-768x431.jpg 768w, https:\/\/www.une.edu.pe\/Empresariales\/wp-content\/uploads\/2024\/10\/IMG_8038-1536x862.jpg 1536w, https:\/\/www.une.edu.pe\/Empresariales\/wp-content\/uploads\/2024\/10\/IMG_8038-2048x1150.jpg 2048w, https:\/\/www.une.edu.pe\/Empresariales\/wp-content\/uploads\/2024\/10\/IMG_8038-360x202.jpg 360w\" sizes=\"(max-width: 847px) 100vw, 847px\" \/><\/a>\n\t\t\t<\/div><\/figure>\n\t\t<\/div>\n\n<p>&nbsp;<\/p>\n<\/div>\n<\/div>\n<\/div>\n<\/div>\n","protected":false},"excerpt":{"rendered":"<p>El 16 de octubre, se dio inicio al proyecto \u00abFortalecimiento t\u00e9cnico en turismo, hoteler\u00eda y gastronom\u00eda\u00bb en la I.E. Lucie Rynning de Ant\u00fanez de Mayolo del R\u00edmac. Esta iniciativa, es liderada por la Dra. Luc\u00eda Panta Sifuentes, coordinadora de Extensi\u00f3n <a href=\"https:\/\/www.une.edu.pe\/Empresariales\/responsabilidad-social-universitaria-nuevos-proyectos-para-capacitar-a-jovenes-en-el-rimac\/\" class=\"read-more\">Leer m\u00e1s&#8230;<\/a><\/p>\n","protected":false},"author":4,"featured_media":8059,"comment_status":"closed","ping_status":"closed","sticky":false,"template":"","format":"standard","meta":{"footnotes":""},"categories":[1],"tags":[],"class_list":["post-8058","post","type-post","status-publish","format-standard","has-post-thumbnail","hentry","category-noticias"],"_links":{"self":[{"href":"https:\/\/www.une.edu.pe\/Empresariales\/wp-json\/wp\/v2\/posts\/8058","targetHints":{"allow":["GET"]}}],"collection":[{"href":"https:\/\/www.une.edu.pe\/Empresariales\/wp-json\/wp\/v2\/posts"}],"about":[{"href":"https:\/\/www.une.edu.pe\/Empresariales\/wp-json\/wp\/v2\/types\/post"}],"author":[{"embeddable":true,"href":"https:\/\/www.une.edu.pe\/Empresariales\/wp-json\/wp\/v2\/users\/4"}],"replies":[{"embeddable":true,"href":"https:\/\/www.une.edu.pe\/Empresariales\/wp-json\/wp\/v2\/comments?post=8058"}],"version-history":[{"count":4,"href":"https:\/\/www.une.edu.pe\/Empresariales\/wp-json\/wp\/v2\/posts\/8058\/revisions"}],"predecessor-version":[{"id":8071,"href":"https:\/\/www.une.edu.pe\/Empresariales\/wp-json\/wp\/v2\/posts\/8058\/revisions\/8071"}],"wp:featuredmedia":[{"embeddable":true,"href":"https:\/\/www.une.edu.pe\/Empresariales\/wp-json\/wp\/v2\/media\/8059"}],"wp:attachment":[{"href":"https:\/\/www.une.edu.pe\/Empresariales\/wp-json\/wp\/v2\/media?parent=8058"}],"wp:term":[{"taxonomy":"category","embeddable":true,"href":"https:\/\/www.une.edu.pe\/Empresariales\/wp-json\/wp\/v2\/categories?post=8058"},{"taxonomy":"post_tag","embeddable":true,"href":"https:\/\/www.une.edu.pe\/Empresariales\/wp-json\/wp\/v2\/tags?post=8058"}],"curies":[{"name":"wp","href":"https:\/\/api.w.org\/{rel}","templated":true}]}}