{"id":7597,"date":"2024-08-02T16:16:57","date_gmt":"2024-08-02T21:16:57","guid":{"rendered":"https:\/\/www.une.edu.pe\/Empresariales\/?p=7597"},"modified":"2024-08-02T16:16:57","modified_gmt":"2024-08-02T21:16:57","slug":"la-face-participa-en-desfiles-civico-institucionales","status":"publish","type":"post","link":"https:\/\/www.une.edu.pe\/Empresariales\/la-face-participa-en-desfiles-civico-institucionales\/","title":{"rendered":"La FACE participa en desfiles c\u00edvico institucionales"},"content":{"rendered":"<p>La Facultad de Ciencias Empresariales tuvo una destacada participaci\u00f3n en los desfiles organizados por la Municipalidad del R\u00edmac y la Universidad Nacional de Ingenier\u00eda (UNI). Estos eventos, que se realizaron en las \u00faltimas semanas, contaron con la asistencia de diversas instituciones educativas y la comunidad en general.<\/p>\n<h4>Desfile de la Municipalidad del R\u00edmac<\/h4>\n<p>El desfile de la Municipalidad del R\u00edmac se realiz\u00f3 el s\u00e1bado 13 de julio, en conmemoraci\u00f3n del 203 aniversario de la independencia del Per\u00fa. Una delegaci\u00f3n de la Facultad de Ciencias Empresariales compuesta de docentes, personal administrativo y estudiantes de las diferentes especialidades participaron con fervor patrio e identificaci\u00f3n institucional en el Desfile C\u00edvico y Pasacalle Escolar por Fiestas Patrias 2024 en la avenida Alc\u00e1zar del distrito rimense.<\/p>\n<h4>Desfile de la Universidad Nacional de Ingenier\u00eda<\/h4>\n<p>Por otro lado, el desfile de la Universidad Nacional de Ingenier\u00eda tuvo lugar el jueves 18 de julio, con motivo del 148 aniversario de su fundaci\u00f3n. Una delegaci\u00f3n de la Facultad de Ciencias Empresariales, encabezada por el decano Dr. Tito Acosta Castro, particip\u00f3 junto a docentes, estudiantes y personal administrativo conmemorando la fundaci\u00f3n de la UNI por el ingeniero Eduardo de Habich en el a\u00f1o 1876. La ceremonia y desplazamiento de los batallones se realiz\u00f3 en las cuadras 2 y 3 de la Av. Habich en el distrito de San Mart\u00edn de Porres.<\/p>\n<p>Fue un d\u00eda lleno de orgullo c\u00edvico e institucional, donde se compartieron momentos memorables y fortalecimos lazos con la comunidad educativa y la historia que nos une.<\/p>\n<p>El Dr. Tito Acosta Castro, decano de la Facultad de Ciencias Empresariales, expres\u00f3 su satisfacci\u00f3n por el entusiasmo y la dedicaci\u00f3n demostrados por todos los participantes, y reafirm\u00f3 el compromiso de la facultad con la promoci\u00f3n de valores c\u00edvicos y acad\u00e9micos a trav\u00e9s de su participaci\u00f3n activa en eventos comunitarios y universitarios.<\/p>\n<div id='gallery-1' class='gallery galleryid-7597 gallery-columns-2 gallery-size-large'><figure class='gallery-item'>\n\t\t\t<div class='gallery-icon landscape'>\n\t\t\t\t<a href='https:\/\/www.une.edu.pe\/Empresariales\/la-face-participa-en-desfiles-civico-institucionales\/img_7280\/'><img fetchpriority=\"high\" decoding=\"async\" width=\"847\" height=\"476\" src=\"https:\/\/www.une.edu.pe\/Empresariales\/wp-content\/uploads\/2024\/08\/IMG_7280-1024x575.jpg\" class=\"attachment-large size-large\" alt=\"\" srcset=\"https:\/\/www.une.edu.pe\/Empresariales\/wp-content\/uploads\/2024\/08\/IMG_7280-1024x575.jpg 1024w, https:\/\/www.une.edu.pe\/Empresariales\/wp-content\/uploads\/2024\/08\/IMG_7280-300x168.jpg 300w, https:\/\/www.une.edu.pe\/Empresariales\/wp-content\/uploads\/2024\/08\/IMG_7280-768x431.jpg 768w, https:\/\/www.une.edu.pe\/Empresariales\/wp-content\/uploads\/2024\/08\/IMG_7280-1536x862.jpg 1536w, https:\/\/www.une.edu.pe\/Empresariales\/wp-content\/uploads\/2024\/08\/IMG_7280-2048x1150.jpg 2048w, https:\/\/www.une.edu.pe\/Empresariales\/wp-content\/uploads\/2024\/08\/IMG_7280-360x202.jpg 360w\" sizes=\"(max-width: 847px) 100vw, 847px\" \/><\/a>\n\t\t\t<\/div><\/figure><figure class='gallery-item'>\n\t\t\t<div class='gallery-icon landscape'>\n\t\t\t\t<a href='https:\/\/www.une.edu.pe\/Empresariales\/la-face-participa-en-desfiles-civico-institucionales\/whatsapp-image-2024-07-18-at-9-40-39-pm\/'><img decoding=\"async\" width=\"847\" height=\"476\" src=\"https:\/\/www.une.edu.pe\/Empresariales\/wp-content\/uploads\/2024\/08\/WhatsApp-Image-2024-07-18-at-9.40.39-PM-1024x575.jpeg\" class=\"attachment-large size-large\" alt=\"\" srcset=\"https:\/\/www.une.edu.pe\/Empresariales\/wp-content\/uploads\/2024\/08\/WhatsApp-Image-2024-07-18-at-9.40.39-PM-1024x575.jpeg 1024w, https:\/\/www.une.edu.pe\/Empresariales\/wp-content\/uploads\/2024\/08\/WhatsApp-Image-2024-07-18-at-9.40.39-PM-300x168.jpeg 300w, https:\/\/www.une.edu.pe\/Empresariales\/wp-content\/uploads\/2024\/08\/WhatsApp-Image-2024-07-18-at-9.40.39-PM-768x431.jpeg 768w, https:\/\/www.une.edu.pe\/Empresariales\/wp-content\/uploads\/2024\/08\/WhatsApp-Image-2024-07-18-at-9.40.39-PM-1536x862.jpeg 1536w, https:\/\/www.une.edu.pe\/Empresariales\/wp-content\/uploads\/2024\/08\/WhatsApp-Image-2024-07-18-at-9.40.39-PM-360x202.jpeg 360w, https:\/\/www.une.edu.pe\/Empresariales\/wp-content\/uploads\/2024\/08\/WhatsApp-Image-2024-07-18-at-9.40.39-PM.jpeg 1600w\" sizes=\"(max-width: 847px) 100vw, 847px\" \/><\/a>\n\t\t\t<\/div><\/figure><figure class='gallery-item'>\n\t\t\t<div class='gallery-icon landscape'>\n\t\t\t\t<a href='https:\/\/www.une.edu.pe\/Empresariales\/la-face-participa-en-desfiles-civico-institucionales\/img_7332\/'><img decoding=\"async\" width=\"847\" height=\"476\" src=\"https:\/\/www.une.edu.pe\/Empresariales\/wp-content\/uploads\/2024\/08\/IMG_7332-1024x575.jpg\" class=\"attachment-large size-large\" alt=\"\" srcset=\"https:\/\/www.une.edu.pe\/Empresariales\/wp-content\/uploads\/2024\/08\/IMG_7332-1024x575.jpg 1024w, https:\/\/www.une.edu.pe\/Empresariales\/wp-content\/uploads\/2024\/08\/IMG_7332-300x168.jpg 300w, https:\/\/www.une.edu.pe\/Empresariales\/wp-content\/uploads\/2024\/08\/IMG_7332-768x431.jpg 768w, https:\/\/www.une.edu.pe\/Empresariales\/wp-content\/uploads\/2024\/08\/IMG_7332-1536x862.jpg 1536w, https:\/\/www.une.edu.pe\/Empresariales\/wp-content\/uploads\/2024\/08\/IMG_7332-2048x1150.jpg 2048w, https:\/\/www.une.edu.pe\/Empresariales\/wp-content\/uploads\/2024\/08\/IMG_7332-360x202.jpg 360w\" sizes=\"(max-width: 847px) 100vw, 847px\" \/><\/a>\n\t\t\t<\/div><\/figure><figure class='gallery-item'>\n\t\t\t<div class='gallery-icon landscape'>\n\t\t\t\t<a href='https:\/\/www.une.edu.pe\/Empresariales\/la-face-participa-en-desfiles-civico-institucionales\/whatsapp-image-2024-07-18-at-9-40-59-pm\/'><img loading=\"lazy\" decoding=\"async\" width=\"847\" height=\"476\" src=\"https:\/\/www.une.edu.pe\/Empresariales\/wp-content\/uploads\/2024\/08\/WhatsApp-Image-2024-07-18-at-9.40.59-PM-1024x575.jpeg\" class=\"attachment-large size-large\" alt=\"\" srcset=\"https:\/\/www.une.edu.pe\/Empresariales\/wp-content\/uploads\/2024\/08\/WhatsApp-Image-2024-07-18-at-9.40.59-PM-1024x575.jpeg 1024w, https:\/\/www.une.edu.pe\/Empresariales\/wp-content\/uploads\/2024\/08\/WhatsApp-Image-2024-07-18-at-9.40.59-PM-300x168.jpeg 300w, https:\/\/www.une.edu.pe\/Empresariales\/wp-content\/uploads\/2024\/08\/WhatsApp-Image-2024-07-18-at-9.40.59-PM-768x431.jpeg 768w, https:\/\/www.une.edu.pe\/Empresariales\/wp-content\/uploads\/2024\/08\/WhatsApp-Image-2024-07-18-at-9.40.59-PM-1536x862.jpeg 1536w, https:\/\/www.une.edu.pe\/Empresariales\/wp-content\/uploads\/2024\/08\/WhatsApp-Image-2024-07-18-at-9.40.59-PM-360x202.jpeg 360w, https:\/\/www.une.edu.pe\/Empresariales\/wp-content\/uploads\/2024\/08\/WhatsApp-Image-2024-07-18-at-9.40.59-PM.jpeg 1600w\" sizes=\"(max-width: 847px) 100vw, 847px\" \/><\/a>\n\t\t\t<\/div><\/figure><figure class='gallery-item'>\n\t\t\t<div class='gallery-icon landscape'>\n\t\t\t\t<a href='https:\/\/www.une.edu.pe\/Empresariales\/la-face-participa-en-desfiles-civico-institucionales\/whatsapp-image-2024-07-18-at-9-41-23-pm\/'><img loading=\"lazy\" decoding=\"async\" width=\"847\" height=\"476\" src=\"https:\/\/www.une.edu.pe\/Empresariales\/wp-content\/uploads\/2024\/08\/WhatsApp-Image-2024-07-18-at-9.41.23-PM-1024x575.jpeg\" class=\"attachment-large size-large\" alt=\"\" srcset=\"https:\/\/www.une.edu.pe\/Empresariales\/wp-content\/uploads\/2024\/08\/WhatsApp-Image-2024-07-18-at-9.41.23-PM-1024x575.jpeg 1024w, https:\/\/www.une.edu.pe\/Empresariales\/wp-content\/uploads\/2024\/08\/WhatsApp-Image-2024-07-18-at-9.41.23-PM-300x168.jpeg 300w, https:\/\/www.une.edu.pe\/Empresariales\/wp-content\/uploads\/2024\/08\/WhatsApp-Image-2024-07-18-at-9.41.23-PM-768x431.jpeg 768w, https:\/\/www.une.edu.pe\/Empresariales\/wp-content\/uploads\/2024\/08\/WhatsApp-Image-2024-07-18-at-9.41.23-PM-1536x862.jpeg 1536w, https:\/\/www.une.edu.pe\/Empresariales\/wp-content\/uploads\/2024\/08\/WhatsApp-Image-2024-07-18-at-9.41.23-PM-360x202.jpeg 360w, https:\/\/www.une.edu.pe\/Empresariales\/wp-content\/uploads\/2024\/08\/WhatsApp-Image-2024-07-18-at-9.41.23-PM.jpeg 1600w\" sizes=\"(max-width: 847px) 100vw, 847px\" \/><\/a>\n\t\t\t<\/div><\/figure><figure class='gallery-item'>\n\t\t\t<div class='gallery-icon landscape'>\n\t\t\t\t<a href='https:\/\/www.une.edu.pe\/Empresariales\/la-face-participa-en-desfiles-civico-institucionales\/whatsapp-image-2024-08-01-at-4-25-47-pm-1-2\/'><img loading=\"lazy\" decoding=\"async\" width=\"847\" height=\"635\" src=\"https:\/\/www.une.edu.pe\/Empresariales\/wp-content\/uploads\/2024\/08\/WhatsApp-Image-2024-08-01-at-4.25.47-PM-1-1-1024x768.jpeg\" class=\"attachment-large size-large\" alt=\"\" srcset=\"https:\/\/www.une.edu.pe\/Empresariales\/wp-content\/uploads\/2024\/08\/WhatsApp-Image-2024-08-01-at-4.25.47-PM-1-1-1024x768.jpeg 1024w, https:\/\/www.une.edu.pe\/Empresariales\/wp-content\/uploads\/2024\/08\/WhatsApp-Image-2024-08-01-at-4.25.47-PM-1-1-300x225.jpeg 300w, https:\/\/www.une.edu.pe\/Empresariales\/wp-content\/uploads\/2024\/08\/WhatsApp-Image-2024-08-01-at-4.25.47-PM-1-1-768x576.jpeg 768w, https:\/\/www.une.edu.pe\/Empresariales\/wp-content\/uploads\/2024\/08\/WhatsApp-Image-2024-08-01-at-4.25.47-PM-1-1-1536x1152.jpeg 1536w, https:\/\/www.une.edu.pe\/Empresariales\/wp-content\/uploads\/2024\/08\/WhatsApp-Image-2024-08-01-at-4.25.47-PM-1-1-360x270.jpeg 360w, https:\/\/www.une.edu.pe\/Empresariales\/wp-content\/uploads\/2024\/08\/WhatsApp-Image-2024-08-01-at-4.25.47-PM-1-1.jpeg 1600w\" sizes=\"(max-width: 847px) 100vw, 847px\" \/><\/a>\n\t\t\t<\/div><\/figure><figure class='gallery-item'>\n\t\t\t<div class='gallery-icon landscape'>\n\t\t\t\t<a href='https:\/\/www.une.edu.pe\/Empresariales\/la-face-participa-en-desfiles-civico-institucionales\/whatsapp-image-2024-08-01-at-4-25-14-pm-1\/'><img loading=\"lazy\" decoding=\"async\" width=\"847\" height=\"476\" src=\"https:\/\/www.une.edu.pe\/Empresariales\/wp-content\/uploads\/2024\/08\/WhatsApp-Image-2024-08-01-at-4.25.14-PM-1-1024x576.jpeg\" class=\"attachment-large size-large\" alt=\"\" srcset=\"https:\/\/www.une.edu.pe\/Empresariales\/wp-content\/uploads\/2024\/08\/WhatsApp-Image-2024-08-01-at-4.25.14-PM-1-1024x576.jpeg 1024w, https:\/\/www.une.edu.pe\/Empresariales\/wp-content\/uploads\/2024\/08\/WhatsApp-Image-2024-08-01-at-4.25.14-PM-1-300x169.jpeg 300w, https:\/\/www.une.edu.pe\/Empresariales\/wp-content\/uploads\/2024\/08\/WhatsApp-Image-2024-08-01-at-4.25.14-PM-1-768x432.jpeg 768w, https:\/\/www.une.edu.pe\/Empresariales\/wp-content\/uploads\/2024\/08\/WhatsApp-Image-2024-08-01-at-4.25.14-PM-1-360x203.jpeg 360w, https:\/\/www.une.edu.pe\/Empresariales\/wp-content\/uploads\/2024\/08\/WhatsApp-Image-2024-08-01-at-4.25.14-PM-1.jpeg 1279w\" sizes=\"(max-width: 847px) 100vw, 847px\" \/><\/a>\n\t\t\t<\/div><\/figure><figure class='gallery-item'>\n\t\t\t<div class='gallery-icon landscape'>\n\t\t\t\t<a href='https:\/\/www.une.edu.pe\/Empresariales\/la-face-participa-en-desfiles-civico-institucionales\/whatsapp-image-2024-08-01-at-4-25-14-pm\/'><img loading=\"lazy\" decoding=\"async\" width=\"847\" height=\"479\" src=\"https:\/\/www.une.edu.pe\/Empresariales\/wp-content\/uploads\/2024\/08\/WhatsApp-Image-2024-08-01-at-4.25.14-PM-1024x579.jpeg\" class=\"attachment-large size-large\" alt=\"\" srcset=\"https:\/\/www.une.edu.pe\/Empresariales\/wp-content\/uploads\/2024\/08\/WhatsApp-Image-2024-08-01-at-4.25.14-PM-1024x579.jpeg 1024w, https:\/\/www.une.edu.pe\/Empresariales\/wp-content\/uploads\/2024\/08\/WhatsApp-Image-2024-08-01-at-4.25.14-PM-300x170.jpeg 300w, https:\/\/www.une.edu.pe\/Empresariales\/wp-content\/uploads\/2024\/08\/WhatsApp-Image-2024-08-01-at-4.25.14-PM-768x434.jpeg 768w, https:\/\/www.une.edu.pe\/Empresariales\/wp-content\/uploads\/2024\/08\/WhatsApp-Image-2024-08-01-at-4.25.14-PM-360x204.jpeg 360w, https:\/\/www.une.edu.pe\/Empresariales\/wp-content\/uploads\/2024\/08\/WhatsApp-Image-2024-08-01-at-4.25.14-PM.jpeg 1273w\" sizes=\"(max-width: 847px) 100vw, 847px\" \/><\/a>\n\t\t\t<\/div><\/figure><figure class='gallery-item'>\n\t\t\t<div class='gallery-icon landscape'>\n\t\t\t\t<a href='https:\/\/www.une.edu.pe\/Empresariales\/la-face-participa-en-desfiles-civico-institucionales\/whatsapp-image-2024-08-01-at-4-25-14-pm-2\/'><img loading=\"lazy\" decoding=\"async\" width=\"847\" height=\"476\" src=\"https:\/\/www.une.edu.pe\/Empresariales\/wp-content\/uploads\/2024\/08\/WhatsApp-Image-2024-08-01-at-4.25.14-PM-2-1024x576.jpeg\" class=\"attachment-large size-large\" alt=\"\" srcset=\"https:\/\/www.une.edu.pe\/Empresariales\/wp-content\/uploads\/2024\/08\/WhatsApp-Image-2024-08-01-at-4.25.14-PM-2-1024x576.jpeg 1024w, https:\/\/www.une.edu.pe\/Empresariales\/wp-content\/uploads\/2024\/08\/WhatsApp-Image-2024-08-01-at-4.25.14-PM-2-300x169.jpeg 300w, https:\/\/www.une.edu.pe\/Empresariales\/wp-content\/uploads\/2024\/08\/WhatsApp-Image-2024-08-01-at-4.25.14-PM-2-768x432.jpeg 768w, https:\/\/www.une.edu.pe\/Empresariales\/wp-content\/uploads\/2024\/08\/WhatsApp-Image-2024-08-01-at-4.25.14-PM-2-360x203.jpeg 360w, https:\/\/www.une.edu.pe\/Empresariales\/wp-content\/uploads\/2024\/08\/WhatsApp-Image-2024-08-01-at-4.25.14-PM-2.jpeg 1279w\" sizes=\"(max-width: 847px) 100vw, 847px\" \/><\/a>\n\t\t\t<\/div><\/figure><figure class='gallery-item'>\n\t\t\t<div class='gallery-icon landscape'>\n\t\t\t\t<a href='https:\/\/www.une.edu.pe\/Empresariales\/la-face-participa-en-desfiles-civico-institucionales\/whatsapp-image-2024-08-01-at-4-25-47-pm\/'><img loading=\"lazy\" decoding=\"async\" width=\"847\" height=\"635\" src=\"https:\/\/www.une.edu.pe\/Empresariales\/wp-content\/uploads\/2024\/08\/WhatsApp-Image-2024-08-01-at-4.25.47-PM-1024x768.jpeg\" class=\"attachment-large size-large\" alt=\"\" srcset=\"https:\/\/www.une.edu.pe\/Empresariales\/wp-content\/uploads\/2024\/08\/WhatsApp-Image-2024-08-01-at-4.25.47-PM-1024x768.jpeg 1024w, https:\/\/www.une.edu.pe\/Empresariales\/wp-content\/uploads\/2024\/08\/WhatsApp-Image-2024-08-01-at-4.25.47-PM-300x225.jpeg 300w, https:\/\/www.une.edu.pe\/Empresariales\/wp-content\/uploads\/2024\/08\/WhatsApp-Image-2024-08-01-at-4.25.47-PM-768x576.jpeg 768w, https:\/\/www.une.edu.pe\/Empresariales\/wp-content\/uploads\/2024\/08\/WhatsApp-Image-2024-08-01-at-4.25.47-PM-1536x1152.jpeg 1536w, https:\/\/www.une.edu.pe\/Empresariales\/wp-content\/uploads\/2024\/08\/WhatsApp-Image-2024-08-01-at-4.25.47-PM-2048x1536.jpeg 2048w, https:\/\/www.une.edu.pe\/Empresariales\/wp-content\/uploads\/2024\/08\/WhatsApp-Image-2024-08-01-at-4.25.47-PM-360x270.jpeg 360w\" sizes=\"(max-width: 847px) 100vw, 847px\" \/><\/a>\n\t\t\t<\/div><\/figure>\n\t\t<\/div>\n\n","protected":false},"excerpt":{"rendered":"<p>La Facultad de Ciencias Empresariales tuvo una destacada participaci\u00f3n en los desfiles organizados por la Municipalidad del R\u00edmac y la Universidad Nacional de Ingenier\u00eda (UNI). Estos eventos, que se realizaron en las \u00faltimas semanas, contaron con la asistencia de diversas <a href=\"https:\/\/www.une.edu.pe\/Empresariales\/la-face-participa-en-desfiles-civico-institucionales\/\" class=\"read-more\">Leer m\u00e1s&#8230;<\/a><\/p>\n","protected":false},"author":4,"featured_media":7599,"comment_status":"closed","ping_status":"closed","sticky":false,"template":"","format":"standard","meta":{"footnotes":""},"categories":[1],"tags":[],"class_list":["post-7597","post","type-post","status-publish","format-standard","has-post-thumbnail","hentry","category-noticias"],"_links":{"self":[{"href":"https:\/\/www.une.edu.pe\/Empresariales\/wp-json\/wp\/v2\/posts\/7597","targetHints":{"allow":["GET"]}}],"collection":[{"href":"https:\/\/www.une.edu.pe\/Empresariales\/wp-json\/wp\/v2\/posts"}],"about":[{"href":"https:\/\/www.une.edu.pe\/Empresariales\/wp-json\/wp\/v2\/types\/post"}],"author":[{"embeddable":true,"href":"https:\/\/www.une.edu.pe\/Empresariales\/wp-json\/wp\/v2\/users\/4"}],"replies":[{"embeddable":true,"href":"https:\/\/www.une.edu.pe\/Empresariales\/wp-json\/wp\/v2\/comments?post=7597"}],"version-history":[{"count":9,"href":"https:\/\/www.une.edu.pe\/Empresariales\/wp-json\/wp\/v2\/posts\/7597\/revisions"}],"predecessor-version":[{"id":7618,"href":"https:\/\/www.une.edu.pe\/Empresariales\/wp-json\/wp\/v2\/posts\/7597\/revisions\/7618"}],"wp:featuredmedia":[{"embeddable":true,"href":"https:\/\/www.une.edu.pe\/Empresariales\/wp-json\/wp\/v2\/media\/7599"}],"wp:attachment":[{"href":"https:\/\/www.une.edu.pe\/Empresariales\/wp-json\/wp\/v2\/media?parent=7597"}],"wp:term":[{"taxonomy":"category","embeddable":true,"href":"https:\/\/www.une.edu.pe\/Empresariales\/wp-json\/wp\/v2\/categories?post=7597"},{"taxonomy":"post_tag","embeddable":true,"href":"https:\/\/www.une.edu.pe\/Empresariales\/wp-json\/wp\/v2\/tags?post=7597"}],"curies":[{"name":"wp","href":"https:\/\/api.w.org\/{rel}","templated":true}]}}