{"id":10626,"date":"2026-04-24T19:58:22","date_gmt":"2026-04-25T00:58:22","guid":{"rendered":"https:\/\/www.une.edu.pe\/Empresariales\/?p=10626"},"modified":"2026-04-24T19:58:22","modified_gmt":"2026-04-25T00:58:22","slug":"ceremonia-de-inicio-del-ciclo-academico-2026-i-en-la-face","status":"publish","type":"post","link":"https:\/\/www.une.edu.pe\/Empresariales\/ceremonia-de-inicio-del-ciclo-academico-2026-i-en-la-face\/","title":{"rendered":"Ceremonia de inicio del ciclo acad\u00e9mico 2026-I en la FACE"},"content":{"rendered":"<p data-start=\"193\" data-end=\"581\">La Facultad de Ciencias Empresariales de la Universidad Nacional de Educaci\u00f3n Enrique Guzm\u00e1n y Valle dio inicio oficial al ciclo acad\u00e9mico 2026-I mediante una significativa ceremonia realizada el pasado 14 de abril en el auditorio de la Facultad, contando con la participaci\u00f3n de autoridades, docentes, personal administrativo y estudiantes, quienes se congregaron para dar apertura a una nueva etapa formativa.<\/p>\n<p data-start=\"583\" data-end=\"1039\">El acto protocolar fue presidido por el decano, Dr. Gualberto Hurtado Ramos, acompa\u00f1ado de autoridades acad\u00e9micas de la Facultad. La ceremonia se inici\u00f3 con la entonaci\u00f3n del Himno Nacional del Per\u00fa y un acto paralit\u00fargico, seguido de las palabras de bienvenida a cargo de la Dra. Liliana Verde Vargas, coordinadora de Proyecci\u00f3n Social y Extensi\u00f3n Cultural, quien resalt\u00f3 la importancia del compromiso acad\u00e9mico y la formaci\u00f3n integral de los estudiantes.<\/p>\n<p data-start=\"1041\" data-end=\"1557\">Seguidamente, se realiz\u00f3 la presentaci\u00f3n de la plana directiva de las escuelas profesionales. El Dr. Tito Acosta Castro, director de la Escuela Profesional de Administraci\u00f3n y Negocios Internacionales, y la Dra. Gisella Lacherre Rodr\u00edguez, directora de la Escuela Profesional de Turismo, Hoteler\u00eda y Gastronom\u00eda, se dirigieron a la comunidad universitaria, destacando los retos y oportunidades del nuevo ciclo lectivo, as\u00ed como la importancia de la excelencia acad\u00e9mica y la innovaci\u00f3n en la formaci\u00f3n profesional.<\/p>\n<p data-start=\"1559\" data-end=\"2255\">Uno de los momentos m\u00e1s relevantes de la ceremonia fue el reconocimiento a los estudiantes que obtuvieron los primeros puestos durante el semestre acad\u00e9mico 2025-II. En el programa de Administraci\u00f3n de Empresas fueron distinguidos Edson Rai Pe\u00f1a Ch\u00e1vez (primer puesto) y F\u00e1tima Aracely Alcarraz Minalaya (segundo puesto); en Administraci\u00f3n de Negocios Internacionales, Milagros Lysbeth Casanova Claudio (primer puesto) y Mar\u00eda Jes\u00fas Galdo Flores (segundo puesto); en Turismo y Hoteler\u00eda, Romina Bel\u00e9n Chileno Simangas (primer puesto) y Susan Emilya Rivera Curilla (segundo puesto); y en Gastronom\u00eda, Milagros Antonella Flores Conde\u00f1a (primer puesto) y C\u00e9sar Del\u00edn Adv\u00edncula Cruz (segundo puesto).<\/p>\n<p data-start=\"2257\" data-end=\"2798\">Asimismo, se reconoci\u00f3 la destacada labor de los docentes por su desempe\u00f1o acad\u00e9mico durante el mismo periodo. Fueron distinguidos el Dr. Jorge Alejandro V\u00e1squez Ortiz y el Dr. Juan Ricardo Salinas Ascencio (Administraci\u00f3n de Empresas); el Mtro. Julio C\u00e9sar Rivero Quiroz y la Mtra. Zhenya Zubieta Z\u00fa\u00f1iga de Perea (Administraci\u00f3n de Negocios Internacionales); la Dra. Liliana Verde Vargas y la Mtra. Liz Noelia Garc\u00eda Salazar (Turismo y Hoteler\u00eda); y la Dra. Gisella Patty Lacherre Rodr\u00edguez y la Mtra. Suyai Gallegos Espinoza (Gastronom\u00eda).<\/p>\n<p data-start=\"2800\" data-end=\"3458\">Se otorg\u00f3 un reconocimiento especial al Ing. Jhoel Cuno Mamani y a la Ing. Aniceta Montes Reymondez, especialistas de la Oficina de Gesti\u00f3n de la Calidad, por su destacada contribuci\u00f3n en procesos clave: el Ing. Cuno por su participaci\u00f3n en la acreditaci\u00f3n del programa de Administraci\u00f3n de Empresas y la Ing. Montes por su labor en la certificaci\u00f3n del Sistema de Gesti\u00f3n de la Calidad ISO 9001:2015 en la Facultad. Asimismo, se reconoci\u00f3 a coordinadores, directivos, docentes y personal administrativo que formaron parte de estos logros.<\/p>\n<p data-start=\"3460\" data-end=\"3841\">La ceremonia concluy\u00f3 con las palabras del decano, Dr. Gualberto Hurtado Ramos, quien expres\u00f3 sus mejores deseos para el desarrollo del presente ciclo acad\u00e9mico 2026-I, exhortando a la comunidad universitaria a asumir con responsabilidad, \u00e9tica y compromiso los desaf\u00edos del nuevo periodo, reafirmando as\u00ed el prop\u00f3sito de la Facultad de formar profesionales altamente competitivos.<\/p>\n<div id='gallery-1' class='gallery galleryid-10626 gallery-columns-2 gallery-size-large'><figure class='gallery-item'>\n\t\t\t<div class='gallery-icon landscape'>\n\t\t\t\t<a href='https:\/\/www.une.edu.pe\/Empresariales\/ceremonia-de-inicio-del-ciclo-academico-2026-i-en-la-face\/img_5999\/'><img fetchpriority=\"high\" decoding=\"async\" width=\"847\" height=\"572\" src=\"https:\/\/www.une.edu.pe\/Empresariales\/wp-content\/uploads\/2026\/04\/IMG_5999-1024x692.jpg\" class=\"attachment-large size-large\" alt=\"\" srcset=\"https:\/\/www.une.edu.pe\/Empresariales\/wp-content\/uploads\/2026\/04\/IMG_5999-1024x692.jpg 1024w, https:\/\/www.une.edu.pe\/Empresariales\/wp-content\/uploads\/2026\/04\/IMG_5999-300x203.jpg 300w, https:\/\/www.une.edu.pe\/Empresariales\/wp-content\/uploads\/2026\/04\/IMG_5999-768x519.jpg 768w, https:\/\/www.une.edu.pe\/Empresariales\/wp-content\/uploads\/2026\/04\/IMG_5999-1536x1038.jpg 1536w, https:\/\/www.une.edu.pe\/Empresariales\/wp-content\/uploads\/2026\/04\/IMG_5999-2048x1384.jpg 2048w, https:\/\/www.une.edu.pe\/Empresariales\/wp-content\/uploads\/2026\/04\/IMG_5999-360x243.jpg 360w\" sizes=\"(max-width: 847px) 100vw, 847px\" \/><\/a>\n\t\t\t<\/div><\/figure><figure class='gallery-item'>\n\t\t\t<div class='gallery-icon landscape'>\n\t\t\t\t<a href='https:\/\/www.une.edu.pe\/Empresariales\/ceremonia-de-inicio-del-ciclo-academico-2026-i-en-la-face\/img_5996\/'><img decoding=\"async\" width=\"847\" height=\"476\" src=\"https:\/\/www.une.edu.pe\/Empresariales\/wp-content\/uploads\/2026\/04\/IMG_5996-1024x575.jpg\" class=\"attachment-large size-large\" alt=\"\" srcset=\"https:\/\/www.une.edu.pe\/Empresariales\/wp-content\/uploads\/2026\/04\/IMG_5996-1024x575.jpg 1024w, https:\/\/www.une.edu.pe\/Empresariales\/wp-content\/uploads\/2026\/04\/IMG_5996-300x168.jpg 300w, https:\/\/www.une.edu.pe\/Empresariales\/wp-content\/uploads\/2026\/04\/IMG_5996-768x431.jpg 768w, https:\/\/www.une.edu.pe\/Empresariales\/wp-content\/uploads\/2026\/04\/IMG_5996-1536x862.jpg 1536w, https:\/\/www.une.edu.pe\/Empresariales\/wp-content\/uploads\/2026\/04\/IMG_5996-2048x1150.jpg 2048w, https:\/\/www.une.edu.pe\/Empresariales\/wp-content\/uploads\/2026\/04\/IMG_5996-360x202.jpg 360w\" sizes=\"(max-width: 847px) 100vw, 847px\" \/><\/a>\n\t\t\t<\/div><\/figure><figure class='gallery-item'>\n\t\t\t<div class='gallery-icon landscape'>\n\t\t\t\t<a href='https:\/\/www.une.edu.pe\/Empresariales\/ceremonia-de-inicio-del-ciclo-academico-2026-i-en-la-face\/img_6006\/'><img decoding=\"async\" width=\"847\" height=\"476\" src=\"https:\/\/www.une.edu.pe\/Empresariales\/wp-content\/uploads\/2026\/04\/IMG_6006-1024x575.jpg\" class=\"attachment-large size-large\" alt=\"\" srcset=\"https:\/\/www.une.edu.pe\/Empresariales\/wp-content\/uploads\/2026\/04\/IMG_6006-1024x575.jpg 1024w, https:\/\/www.une.edu.pe\/Empresariales\/wp-content\/uploads\/2026\/04\/IMG_6006-300x168.jpg 300w, https:\/\/www.une.edu.pe\/Empresariales\/wp-content\/uploads\/2026\/04\/IMG_6006-768x431.jpg 768w, https:\/\/www.une.edu.pe\/Empresariales\/wp-content\/uploads\/2026\/04\/IMG_6006-1536x862.jpg 1536w, https:\/\/www.une.edu.pe\/Empresariales\/wp-content\/uploads\/2026\/04\/IMG_6006-2048x1150.jpg 2048w, https:\/\/www.une.edu.pe\/Empresariales\/wp-content\/uploads\/2026\/04\/IMG_6006-360x202.jpg 360w\" sizes=\"(max-width: 847px) 100vw, 847px\" \/><\/a>\n\t\t\t<\/div><\/figure><figure class='gallery-item'>\n\t\t\t<div class='gallery-icon landscape'>\n\t\t\t\t<a href='https:\/\/www.une.edu.pe\/Empresariales\/ceremonia-de-inicio-del-ciclo-academico-2026-i-en-la-face\/img_6002\/'><img loading=\"lazy\" decoding=\"async\" width=\"847\" height=\"476\" src=\"https:\/\/www.une.edu.pe\/Empresariales\/wp-content\/uploads\/2026\/04\/IMG_6002-1024x575.jpg\" class=\"attachment-large size-large\" alt=\"\" srcset=\"https:\/\/www.une.edu.pe\/Empresariales\/wp-content\/uploads\/2026\/04\/IMG_6002-1024x575.jpg 1024w, https:\/\/www.une.edu.pe\/Empresariales\/wp-content\/uploads\/2026\/04\/IMG_6002-300x168.jpg 300w, https:\/\/www.une.edu.pe\/Empresariales\/wp-content\/uploads\/2026\/04\/IMG_6002-768x431.jpg 768w, https:\/\/www.une.edu.pe\/Empresariales\/wp-content\/uploads\/2026\/04\/IMG_6002-1536x862.jpg 1536w, https:\/\/www.une.edu.pe\/Empresariales\/wp-content\/uploads\/2026\/04\/IMG_6002-2048x1150.jpg 2048w, https:\/\/www.une.edu.pe\/Empresariales\/wp-content\/uploads\/2026\/04\/IMG_6002-360x202.jpg 360w\" sizes=\"(max-width: 847px) 100vw, 847px\" \/><\/a>\n\t\t\t<\/div><\/figure><figure class='gallery-item'>\n\t\t\t<div class='gallery-icon landscape'>\n\t\t\t\t<a href='https:\/\/www.une.edu.pe\/Empresariales\/ceremonia-de-inicio-del-ciclo-academico-2026-i-en-la-face\/img_6008\/'><img loading=\"lazy\" decoding=\"async\" width=\"847\" height=\"564\" src=\"https:\/\/www.une.edu.pe\/Empresariales\/wp-content\/uploads\/2026\/04\/IMG_6008-1024x682.jpg\" class=\"attachment-large size-large\" alt=\"\" srcset=\"https:\/\/www.une.edu.pe\/Empresariales\/wp-content\/uploads\/2026\/04\/IMG_6008-1024x682.jpg 1024w, https:\/\/www.une.edu.pe\/Empresariales\/wp-content\/uploads\/2026\/04\/IMG_6008-300x200.jpg 300w, https:\/\/www.une.edu.pe\/Empresariales\/wp-content\/uploads\/2026\/04\/IMG_6008-768x511.jpg 768w, https:\/\/www.une.edu.pe\/Empresariales\/wp-content\/uploads\/2026\/04\/IMG_6008-1536x1023.jpg 1536w, https:\/\/www.une.edu.pe\/Empresariales\/wp-content\/uploads\/2026\/04\/IMG_6008-2048x1363.jpg 2048w, https:\/\/www.une.edu.pe\/Empresariales\/wp-content\/uploads\/2026\/04\/IMG_6008-360x240.jpg 360w\" sizes=\"(max-width: 847px) 100vw, 847px\" \/><\/a>\n\t\t\t<\/div><\/figure><figure class='gallery-item'>\n\t\t\t<div class='gallery-icon landscape'>\n\t\t\t\t<a href='https:\/\/www.une.edu.pe\/Empresariales\/ceremonia-de-inicio-del-ciclo-academico-2026-i-en-la-face\/img_6028\/'><img loading=\"lazy\" decoding=\"async\" width=\"847\" height=\"476\" src=\"https:\/\/www.une.edu.pe\/Empresariales\/wp-content\/uploads\/2026\/04\/IMG_6028-1024x575.jpg\" class=\"attachment-large size-large\" alt=\"\" srcset=\"https:\/\/www.une.edu.pe\/Empresariales\/wp-content\/uploads\/2026\/04\/IMG_6028-1024x575.jpg 1024w, https:\/\/www.une.edu.pe\/Empresariales\/wp-content\/uploads\/2026\/04\/IMG_6028-300x168.jpg 300w, https:\/\/www.une.edu.pe\/Empresariales\/wp-content\/uploads\/2026\/04\/IMG_6028-768x431.jpg 768w, https:\/\/www.une.edu.pe\/Empresariales\/wp-content\/uploads\/2026\/04\/IMG_6028-1536x862.jpg 1536w, https:\/\/www.une.edu.pe\/Empresariales\/wp-content\/uploads\/2026\/04\/IMG_6028-2048x1150.jpg 2048w, https:\/\/www.une.edu.pe\/Empresariales\/wp-content\/uploads\/2026\/04\/IMG_6028-360x202.jpg 360w\" sizes=\"(max-width: 847px) 100vw, 847px\" \/><\/a>\n\t\t\t<\/div><\/figure><figure class='gallery-item'>\n\t\t\t<div class='gallery-icon landscape'>\n\t\t\t\t<a href='https:\/\/www.une.edu.pe\/Empresariales\/ceremonia-de-inicio-del-ciclo-academico-2026-i-en-la-face\/img_6031\/'><img loading=\"lazy\" decoding=\"async\" width=\"847\" height=\"476\" src=\"https:\/\/www.une.edu.pe\/Empresariales\/wp-content\/uploads\/2026\/04\/IMG_6031-1024x575.jpg\" class=\"attachment-large size-large\" alt=\"\" srcset=\"https:\/\/www.une.edu.pe\/Empresariales\/wp-content\/uploads\/2026\/04\/IMG_6031-1024x575.jpg 1024w, https:\/\/www.une.edu.pe\/Empresariales\/wp-content\/uploads\/2026\/04\/IMG_6031-300x168.jpg 300w, https:\/\/www.une.edu.pe\/Empresariales\/wp-content\/uploads\/2026\/04\/IMG_6031-768x431.jpg 768w, https:\/\/www.une.edu.pe\/Empresariales\/wp-content\/uploads\/2026\/04\/IMG_6031-1536x862.jpg 1536w, https:\/\/www.une.edu.pe\/Empresariales\/wp-content\/uploads\/2026\/04\/IMG_6031-2048x1150.jpg 2048w, https:\/\/www.une.edu.pe\/Empresariales\/wp-content\/uploads\/2026\/04\/IMG_6031-360x202.jpg 360w\" sizes=\"(max-width: 847px) 100vw, 847px\" \/><\/a>\n\t\t\t<\/div><\/figure><figure class='gallery-item'>\n\t\t\t<div class='gallery-icon landscape'>\n\t\t\t\t<a href='https:\/\/www.une.edu.pe\/Empresariales\/ceremonia-de-inicio-del-ciclo-academico-2026-i-en-la-face\/img_6011\/'><img loading=\"lazy\" decoding=\"async\" width=\"847\" height=\"476\" src=\"https:\/\/www.une.edu.pe\/Empresariales\/wp-content\/uploads\/2026\/04\/IMG_6011-1024x575.jpg\" class=\"attachment-large size-large\" alt=\"\" srcset=\"https:\/\/www.une.edu.pe\/Empresariales\/wp-content\/uploads\/2026\/04\/IMG_6011-1024x575.jpg 1024w, https:\/\/www.une.edu.pe\/Empresariales\/wp-content\/uploads\/2026\/04\/IMG_6011-300x168.jpg 300w, https:\/\/www.une.edu.pe\/Empresariales\/wp-content\/uploads\/2026\/04\/IMG_6011-768x431.jpg 768w, https:\/\/www.une.edu.pe\/Empresariales\/wp-content\/uploads\/2026\/04\/IMG_6011-1536x862.jpg 1536w, https:\/\/www.une.edu.pe\/Empresariales\/wp-content\/uploads\/2026\/04\/IMG_6011-2048x1150.jpg 2048w, https:\/\/www.une.edu.pe\/Empresariales\/wp-content\/uploads\/2026\/04\/IMG_6011-360x202.jpg 360w\" sizes=\"(max-width: 847px) 100vw, 847px\" \/><\/a>\n\t\t\t<\/div><\/figure><figure class='gallery-item'>\n\t\t\t<div class='gallery-icon landscape'>\n\t\t\t\t<a href='https:\/\/www.une.edu.pe\/Empresariales\/ceremonia-de-inicio-del-ciclo-academico-2026-i-en-la-face\/img_6016\/'><img loading=\"lazy\" decoding=\"async\" width=\"847\" height=\"476\" src=\"https:\/\/www.une.edu.pe\/Empresariales\/wp-content\/uploads\/2026\/04\/IMG_6016-1024x575.jpg\" class=\"attachment-large size-large\" alt=\"\" srcset=\"https:\/\/www.une.edu.pe\/Empresariales\/wp-content\/uploads\/2026\/04\/IMG_6016-1024x575.jpg 1024w, https:\/\/www.une.edu.pe\/Empresariales\/wp-content\/uploads\/2026\/04\/IMG_6016-300x168.jpg 300w, https:\/\/www.une.edu.pe\/Empresariales\/wp-content\/uploads\/2026\/04\/IMG_6016-768x431.jpg 768w, https:\/\/www.une.edu.pe\/Empresariales\/wp-content\/uploads\/2026\/04\/IMG_6016-1536x862.jpg 1536w, https:\/\/www.une.edu.pe\/Empresariales\/wp-content\/uploads\/2026\/04\/IMG_6016-2048x1150.jpg 2048w, https:\/\/www.une.edu.pe\/Empresariales\/wp-content\/uploads\/2026\/04\/IMG_6016-360x202.jpg 360w\" sizes=\"(max-width: 847px) 100vw, 847px\" \/><\/a>\n\t\t\t<\/div><\/figure><figure class='gallery-item'>\n\t\t\t<div class='gallery-icon landscape'>\n\t\t\t\t<a href='https:\/\/www.une.edu.pe\/Empresariales\/ceremonia-de-inicio-del-ciclo-academico-2026-i-en-la-face\/img_6020\/'><img loading=\"lazy\" decoding=\"async\" width=\"847\" height=\"476\" src=\"https:\/\/www.une.edu.pe\/Empresariales\/wp-content\/uploads\/2026\/04\/IMG_6020-1024x575.jpg\" class=\"attachment-large size-large\" alt=\"\" srcset=\"https:\/\/www.une.edu.pe\/Empresariales\/wp-content\/uploads\/2026\/04\/IMG_6020-1024x575.jpg 1024w, https:\/\/www.une.edu.pe\/Empresariales\/wp-content\/uploads\/2026\/04\/IMG_6020-300x168.jpg 300w, https:\/\/www.une.edu.pe\/Empresariales\/wp-content\/uploads\/2026\/04\/IMG_6020-768x431.jpg 768w, https:\/\/www.une.edu.pe\/Empresariales\/wp-content\/uploads\/2026\/04\/IMG_6020-1536x862.jpg 1536w, https:\/\/www.une.edu.pe\/Empresariales\/wp-content\/uploads\/2026\/04\/IMG_6020-2048x1150.jpg 2048w, https:\/\/www.une.edu.pe\/Empresariales\/wp-content\/uploads\/2026\/04\/IMG_6020-360x202.jpg 360w\" sizes=\"(max-width: 847px) 100vw, 847px\" \/><\/a>\n\t\t\t<\/div><\/figure><figure class='gallery-item'>\n\t\t\t<div class='gallery-icon landscape'>\n\t\t\t\t<a href='https:\/\/www.une.edu.pe\/Empresariales\/ceremonia-de-inicio-del-ciclo-academico-2026-i-en-la-face\/img_6025\/'><img loading=\"lazy\" decoding=\"async\" width=\"847\" height=\"476\" src=\"https:\/\/www.une.edu.pe\/Empresariales\/wp-content\/uploads\/2026\/04\/IMG_6025-1024x575.jpg\" class=\"attachment-large size-large\" alt=\"\" srcset=\"https:\/\/www.une.edu.pe\/Empresariales\/wp-content\/uploads\/2026\/04\/IMG_6025-1024x575.jpg 1024w, https:\/\/www.une.edu.pe\/Empresariales\/wp-content\/uploads\/2026\/04\/IMG_6025-300x168.jpg 300w, https:\/\/www.une.edu.pe\/Empresariales\/wp-content\/uploads\/2026\/04\/IMG_6025-768x431.jpg 768w, https:\/\/www.une.edu.pe\/Empresariales\/wp-content\/uploads\/2026\/04\/IMG_6025-1536x862.jpg 1536w, https:\/\/www.une.edu.pe\/Empresariales\/wp-content\/uploads\/2026\/04\/IMG_6025-2048x1150.jpg 2048w, https:\/\/www.une.edu.pe\/Empresariales\/wp-content\/uploads\/2026\/04\/IMG_6025-360x202.jpg 360w\" sizes=\"(max-width: 847px) 100vw, 847px\" \/><\/a>\n\t\t\t<\/div><\/figure><figure class='gallery-item'>\n\t\t\t<div class='gallery-icon landscape'>\n\t\t\t\t<a href='https:\/\/www.une.edu.pe\/Empresariales\/ceremonia-de-inicio-del-ciclo-academico-2026-i-en-la-face\/img_6043\/'><img loading=\"lazy\" decoding=\"async\" width=\"847\" height=\"476\" src=\"https:\/\/www.une.edu.pe\/Empresariales\/wp-content\/uploads\/2026\/04\/IMG_6043-1024x575.jpg\" class=\"attachment-large size-large\" alt=\"\" srcset=\"https:\/\/www.une.edu.pe\/Empresariales\/wp-content\/uploads\/2026\/04\/IMG_6043-1024x575.jpg 1024w, https:\/\/www.une.edu.pe\/Empresariales\/wp-content\/uploads\/2026\/04\/IMG_6043-300x168.jpg 300w, https:\/\/www.une.edu.pe\/Empresariales\/wp-content\/uploads\/2026\/04\/IMG_6043-768x431.jpg 768w, https:\/\/www.une.edu.pe\/Empresariales\/wp-content\/uploads\/2026\/04\/IMG_6043-1536x862.jpg 1536w, https:\/\/www.une.edu.pe\/Empresariales\/wp-content\/uploads\/2026\/04\/IMG_6043-2048x1150.jpg 2048w, https:\/\/www.une.edu.pe\/Empresariales\/wp-content\/uploads\/2026\/04\/IMG_6043-360x202.jpg 360w\" sizes=\"(max-width: 847px) 100vw, 847px\" \/><\/a>\n\t\t\t<\/div><\/figure><figure class='gallery-item'>\n\t\t\t<div class='gallery-icon landscape'>\n\t\t\t\t<a href='https:\/\/www.une.edu.pe\/Empresariales\/ceremonia-de-inicio-del-ciclo-academico-2026-i-en-la-face\/img_6045\/'><img loading=\"lazy\" decoding=\"async\" width=\"847\" height=\"476\" src=\"https:\/\/www.une.edu.pe\/Empresariales\/wp-content\/uploads\/2026\/04\/IMG_6045-1024x575.jpg\" class=\"attachment-large size-large\" alt=\"\" srcset=\"https:\/\/www.une.edu.pe\/Empresariales\/wp-content\/uploads\/2026\/04\/IMG_6045-1024x575.jpg 1024w, https:\/\/www.une.edu.pe\/Empresariales\/wp-content\/uploads\/2026\/04\/IMG_6045-300x168.jpg 300w, https:\/\/www.une.edu.pe\/Empresariales\/wp-content\/uploads\/2026\/04\/IMG_6045-768x431.jpg 768w, https:\/\/www.une.edu.pe\/Empresariales\/wp-content\/uploads\/2026\/04\/IMG_6045-1536x862.jpg 1536w, https:\/\/www.une.edu.pe\/Empresariales\/wp-content\/uploads\/2026\/04\/IMG_6045-2048x1150.jpg 2048w, https:\/\/www.une.edu.pe\/Empresariales\/wp-content\/uploads\/2026\/04\/IMG_6045-360x202.jpg 360w\" sizes=\"(max-width: 847px) 100vw, 847px\" \/><\/a>\n\t\t\t<\/div><\/figure><figure class='gallery-item'>\n\t\t\t<div class='gallery-icon landscape'>\n\t\t\t\t<a href='https:\/\/www.une.edu.pe\/Empresariales\/ceremonia-de-inicio-del-ciclo-academico-2026-i-en-la-face\/img_6039\/'><img loading=\"lazy\" decoding=\"async\" width=\"847\" height=\"476\" src=\"https:\/\/www.une.edu.pe\/Empresariales\/wp-content\/uploads\/2026\/04\/IMG_6039-1024x575.jpg\" class=\"attachment-large size-large\" alt=\"\" srcset=\"https:\/\/www.une.edu.pe\/Empresariales\/wp-content\/uploads\/2026\/04\/IMG_6039-1024x575.jpg 1024w, https:\/\/www.une.edu.pe\/Empresariales\/wp-content\/uploads\/2026\/04\/IMG_6039-300x168.jpg 300w, https:\/\/www.une.edu.pe\/Empresariales\/wp-content\/uploads\/2026\/04\/IMG_6039-768x431.jpg 768w, https:\/\/www.une.edu.pe\/Empresariales\/wp-content\/uploads\/2026\/04\/IMG_6039-1536x862.jpg 1536w, https:\/\/www.une.edu.pe\/Empresariales\/wp-content\/uploads\/2026\/04\/IMG_6039-2048x1150.jpg 2048w, https:\/\/www.une.edu.pe\/Empresariales\/wp-content\/uploads\/2026\/04\/IMG_6039-360x202.jpg 360w\" sizes=\"(max-width: 847px) 100vw, 847px\" \/><\/a>\n\t\t\t<\/div><\/figure><figure class='gallery-item'>\n\t\t\t<div class='gallery-icon landscape'>\n\t\t\t\t<a href='https:\/\/www.une.edu.pe\/Empresariales\/ceremonia-de-inicio-del-ciclo-academico-2026-i-en-la-face\/img_6040\/'><img loading=\"lazy\" decoding=\"async\" width=\"847\" height=\"476\" src=\"https:\/\/www.une.edu.pe\/Empresariales\/wp-content\/uploads\/2026\/04\/IMG_6040-1024x575.jpg\" class=\"attachment-large size-large\" alt=\"\" srcset=\"https:\/\/www.une.edu.pe\/Empresariales\/wp-content\/uploads\/2026\/04\/IMG_6040-1024x575.jpg 1024w, https:\/\/www.une.edu.pe\/Empresariales\/wp-content\/uploads\/2026\/04\/IMG_6040-300x168.jpg 300w, https:\/\/www.une.edu.pe\/Empresariales\/wp-content\/uploads\/2026\/04\/IMG_6040-768x431.jpg 768w, https:\/\/www.une.edu.pe\/Empresariales\/wp-content\/uploads\/2026\/04\/IMG_6040-1536x862.jpg 1536w, https:\/\/www.une.edu.pe\/Empresariales\/wp-content\/uploads\/2026\/04\/IMG_6040-2048x1150.jpg 2048w, https:\/\/www.une.edu.pe\/Empresariales\/wp-content\/uploads\/2026\/04\/IMG_6040-360x202.jpg 360w\" sizes=\"(max-width: 847px) 100vw, 847px\" \/><\/a>\n\t\t\t<\/div><\/figure><figure class='gallery-item'>\n\t\t\t<div class='gallery-icon landscape'>\n\t\t\t\t<a href='https:\/\/www.une.edu.pe\/Empresariales\/ceremonia-de-inicio-del-ciclo-academico-2026-i-en-la-face\/img_6046\/'><img loading=\"lazy\" decoding=\"async\" width=\"847\" height=\"476\" src=\"https:\/\/www.une.edu.pe\/Empresariales\/wp-content\/uploads\/2026\/04\/IMG_6046-1024x575.jpg\" class=\"attachment-large size-large\" alt=\"\" srcset=\"https:\/\/www.une.edu.pe\/Empresariales\/wp-content\/uploads\/2026\/04\/IMG_6046-1024x575.jpg 1024w, https:\/\/www.une.edu.pe\/Empresariales\/wp-content\/uploads\/2026\/04\/IMG_6046-300x168.jpg 300w, https:\/\/www.une.edu.pe\/Empresariales\/wp-content\/uploads\/2026\/04\/IMG_6046-768x431.jpg 768w, https:\/\/www.une.edu.pe\/Empresariales\/wp-content\/uploads\/2026\/04\/IMG_6046-1536x862.jpg 1536w, https:\/\/www.une.edu.pe\/Empresariales\/wp-content\/uploads\/2026\/04\/IMG_6046-2048x1150.jpg 2048w, https:\/\/www.une.edu.pe\/Empresariales\/wp-content\/uploads\/2026\/04\/IMG_6046-360x202.jpg 360w\" sizes=\"(max-width: 847px) 100vw, 847px\" \/><\/a>\n\t\t\t<\/div><\/figure>\n\t\t<\/div>\n\n<div id='gallery-2' class='gallery galleryid-10626 gallery-columns-1 gallery-size-large'><figure class='gallery-item'>\n\t\t\t<div class='gallery-icon landscape'>\n\t\t\t\t<a href='https:\/\/www.une.edu.pe\/Empresariales\/ceremonia-de-inicio-del-ciclo-academico-2026-i-en-la-face\/img_6071-3\/'><img loading=\"lazy\" decoding=\"async\" width=\"847\" height=\"256\" src=\"https:\/\/www.une.edu.pe\/Empresariales\/wp-content\/uploads\/2026\/04\/IMG_6071-2-1024x310.jpg\" class=\"attachment-large size-large\" alt=\"\" srcset=\"https:\/\/www.une.edu.pe\/Empresariales\/wp-content\/uploads\/2026\/04\/IMG_6071-2-1024x310.jpg 1024w, https:\/\/www.une.edu.pe\/Empresariales\/wp-content\/uploads\/2026\/04\/IMG_6071-2-300x91.jpg 300w, https:\/\/www.une.edu.pe\/Empresariales\/wp-content\/uploads\/2026\/04\/IMG_6071-2-768x233.jpg 768w, https:\/\/www.une.edu.pe\/Empresariales\/wp-content\/uploads\/2026\/04\/IMG_6071-2-1536x465.jpg 1536w, https:\/\/www.une.edu.pe\/Empresariales\/wp-content\/uploads\/2026\/04\/IMG_6071-2-2048x621.jpg 2048w, https:\/\/www.une.edu.pe\/Empresariales\/wp-content\/uploads\/2026\/04\/IMG_6071-2-360x109.jpg 360w\" sizes=\"(max-width: 847px) 100vw, 847px\" \/><\/a>\n\t\t\t<\/div><\/figure>\n\t\t<\/div>\n\n","protected":false},"excerpt":{"rendered":"<p>La Facultad de Ciencias Empresariales de la Universidad Nacional de Educaci\u00f3n Enrique Guzm\u00e1n y Valle dio inicio oficial al ciclo acad\u00e9mico 2026-I mediante una significativa ceremonia realizada el pasado 14 de abril en el auditorio de la Facultad, contando con <a href=\"https:\/\/www.une.edu.pe\/Empresariales\/ceremonia-de-inicio-del-ciclo-academico-2026-i-en-la-face\/\" class=\"read-more\">Leer m\u00e1s&#8230;<\/a><\/p>\n","protected":false},"author":4,"featured_media":10627,"comment_status":"closed","ping_status":"closed","sticky":false,"template":"","format":"standard","meta":{"footnotes":""},"categories":[1],"tags":[],"class_list":["post-10626","post","type-post","status-publish","format-standard","has-post-thumbnail","hentry","category-noticias"],"_links":{"self":[{"href":"https:\/\/www.une.edu.pe\/Empresariales\/wp-json\/wp\/v2\/posts\/10626","targetHints":{"allow":["GET"]}}],"collection":[{"href":"https:\/\/www.une.edu.pe\/Empresariales\/wp-json\/wp\/v2\/posts"}],"about":[{"href":"https:\/\/www.une.edu.pe\/Empresariales\/wp-json\/wp\/v2\/types\/post"}],"author":[{"embeddable":true,"href":"https:\/\/www.une.edu.pe\/Empresariales\/wp-json\/wp\/v2\/users\/4"}],"replies":[{"embeddable":true,"href":"https:\/\/www.une.edu.pe\/Empresariales\/wp-json\/wp\/v2\/comments?post=10626"}],"version-history":[{"count":4,"href":"https:\/\/www.une.edu.pe\/Empresariales\/wp-json\/wp\/v2\/posts\/10626\/revisions"}],"predecessor-version":[{"id":10649,"href":"https:\/\/www.une.edu.pe\/Empresariales\/wp-json\/wp\/v2\/posts\/10626\/revisions\/10649"}],"wp:featuredmedia":[{"embeddable":true,"href":"https:\/\/www.une.edu.pe\/Empresariales\/wp-json\/wp\/v2\/media\/10627"}],"wp:attachment":[{"href":"https:\/\/www.une.edu.pe\/Empresariales\/wp-json\/wp\/v2\/media?parent=10626"}],"wp:term":[{"taxonomy":"category","embeddable":true,"href":"https:\/\/www.une.edu.pe\/Empresariales\/wp-json\/wp\/v2\/categories?post=10626"},{"taxonomy":"post_tag","embeddable":true,"href":"https:\/\/www.une.edu.pe\/Empresariales\/wp-json\/wp\/v2\/tags?post=10626"}],"curies":[{"name":"wp","href":"https:\/\/api.w.org\/{rel}","templated":true}]}}