{"id":10405,"date":"2026-03-11T19:55:11","date_gmt":"2026-03-12T00:55:11","guid":{"rendered":"https:\/\/www.une.edu.pe\/Empresariales\/?p=10405"},"modified":"2026-03-11T19:55:11","modified_gmt":"2026-03-12T00:55:11","slug":"maestrias-en-gestion-publica-y-administracion","status":"publish","type":"post","link":"https:\/\/www.une.edu.pe\/Empresariales\/maestrias-en-gestion-publica-y-administracion\/","title":{"rendered":"Maestr\u00edas en Gesti\u00f3n P\u00fablica y Administraci\u00f3n"},"content":{"rendered":"<p data-start=\"172\" data-end=\"471\">Si buscas fortalecer tu perfil profesional, asumir mayores responsabilidades en tu organizaci\u00f3n o proyectarte hacia cargos directivos, la <strong data-start=\"310\" data-end=\"377\">Escuela de Posgrado de la <span class=\"hover:entity-accent entity-underline inline cursor-pointer align-baseline\"><span class=\"whitespace-normal\">Universidad Nacional de Educaci\u00f3n Enrique Guzm\u00e1n y Valle<\/span><\/span><\/strong> abre su convocatoria para las maestr\u00edas presenciales que se dictar\u00e1n en la sede de La Molina.<\/p>\n<h3 data-section-id=\"1ilc9gx\" data-start=\"473\" data-end=\"498\">Programas de maestr\u00eda<\/h3>\n<ul data-start=\"499\" data-end=\"567\">\n<li data-section-id=\"1umgij1\" data-start=\"499\" data-end=\"534\">\n<p data-start=\"501\" data-end=\"534\"><strong data-start=\"501\" data-end=\"532\">Maestr\u00eda en Gesti\u00f3n P\u00fablica<\/strong><\/p>\n<\/li>\n<li data-section-id=\"1hi2fcm\" data-start=\"535\" data-end=\"567\">\n<p data-start=\"537\" data-end=\"567\"><strong data-start=\"537\" data-end=\"567\">Maestr\u00eda en Administraci\u00f3n<\/strong><\/p>\n<\/li>\n<\/ul>\n<p data-start=\"569\" data-end=\"761\">Estos programas est\u00e1n orientados a profesionales que desean ampliar sus conocimientos, desarrollar habilidades de liderazgo y contribuir al fortalecimiento de la gesti\u00f3n p\u00fablica y empresarial.<\/p>\n<h3 data-section-id=\"11q0tva\" data-start=\"763\" data-end=\"786\">Proceso de admisi\u00f3n<\/h3>\n<ul data-start=\"787\" data-end=\"878\">\n<li data-section-id=\"12bck7i\" data-start=\"787\" data-end=\"826\">\n<p data-start=\"789\" data-end=\"826\"><strong data-start=\"789\" data-end=\"812\">Examen de admisi\u00f3n:<\/strong> 29 de marzo<\/p>\n<\/li>\n<li data-section-id=\"1l2j8c1\" data-start=\"827\" data-end=\"878\">\n<p data-start=\"829\" data-end=\"878\"><strong data-start=\"829\" data-end=\"847\">Inscripciones:<\/strong> hasta el 27 de marzo (v\u00eda web)<\/p>\n<\/li>\n<\/ul>\n<p data-start=\"880\" data-end=\"995\">Los interesados pueden realizar su inscripci\u00f3n en el siguiente enlace:<br data-start=\"950\" data-end=\"953\" \/>\ud83d\udd17 <a class=\"decorated-link\" href=\"https:\/\/postgrado.une.edu.pe\/index.html\" target=\"_new\" rel=\"noopener\" data-start=\"956\" data-end=\"995\">https:\/\/postgrado.une.edu.pe\/index.html<\/a><\/p>\n<h3 data-section-id=\"be29vv\" data-start=\"997\" data-end=\"1017\">Modalidad y sede<\/h3>\n<ul data-start=\"1018\" data-end=\"1173\">\n<li data-section-id=\"51tf49\" data-start=\"1018\" data-end=\"1047\">\n<p data-start=\"1020\" data-end=\"1047\"><strong data-start=\"1020\" data-end=\"1034\">Modalidad:<\/strong> Presencial<\/p>\n<\/li>\n<li data-section-id=\"eyddpj\" data-start=\"1048\" data-end=\"1098\">\n<p data-start=\"1050\" data-end=\"1098\"><strong data-start=\"1050\" data-end=\"1059\">Sede:<\/strong> Escuela de Posgrado UNE \u2013 La Cantuta<\/p>\n<\/li>\n<li data-section-id=\"1logc1b\" data-start=\"1099\" data-end=\"1173\">\n<p data-start=\"1101\" data-end=\"1173\"><strong data-start=\"1101\" data-end=\"1115\">Direcci\u00f3n:<\/strong> Calle Los Agr\u00edcolas N.\u00b0 280, Urb. Las Acacias, La Molina.<\/p>\n<\/li>\n<\/ul>\n<p data-start=\"1175\" data-end=\"1383\">Da el siguiente paso en tu desarrollo profesional con el respaldo de una universidad p\u00fablica licenciada. Para mayor informaci\u00f3n, puedes comunicarte a trav\u00e9s de los canales oficiales de la Escuela de Posgrado.<\/p>\n","protected":false},"excerpt":{"rendered":"<p>Si buscas fortalecer tu perfil profesional, asumir mayores responsabilidades en tu organizaci\u00f3n o proyectarte hacia cargos directivos, la Escuela de Posgrado de la Universidad Nacional de Educaci\u00f3n Enrique Guzm\u00e1n y Valle abre su convocatoria para las maestr\u00edas presenciales que se <a href=\"https:\/\/www.une.edu.pe\/Empresariales\/maestrias-en-gestion-publica-y-administracion\/\" class=\"read-more\">Leer m\u00e1s&#8230;<\/a><\/p>\n","protected":false},"author":4,"featured_media":10406,"comment_status":"closed","ping_status":"closed","sticky":false,"template":"","format":"standard","meta":{"footnotes":""},"categories":[2],"tags":[],"class_list":["post-10405","post","type-post","status-publish","format-standard","has-post-thumbnail","hentry","category-eventos"],"_links":{"self":[{"href":"https:\/\/www.une.edu.pe\/Empresariales\/wp-json\/wp\/v2\/posts\/10405","targetHints":{"allow":["GET"]}}],"collection":[{"href":"https:\/\/www.une.edu.pe\/Empresariales\/wp-json\/wp\/v2\/posts"}],"about":[{"href":"https:\/\/www.une.edu.pe\/Empresariales\/wp-json\/wp\/v2\/types\/post"}],"author":[{"embeddable":true,"href":"https:\/\/www.une.edu.pe\/Empresariales\/wp-json\/wp\/v2\/users\/4"}],"replies":[{"embeddable":true,"href":"https:\/\/www.une.edu.pe\/Empresariales\/wp-json\/wp\/v2\/comments?post=10405"}],"version-history":[{"count":1,"href":"https:\/\/www.une.edu.pe\/Empresariales\/wp-json\/wp\/v2\/posts\/10405\/revisions"}],"predecessor-version":[{"id":10407,"href":"https:\/\/www.une.edu.pe\/Empresariales\/wp-json\/wp\/v2\/posts\/10405\/revisions\/10407"}],"wp:featuredmedia":[{"embeddable":true,"href":"https:\/\/www.une.edu.pe\/Empresariales\/wp-json\/wp\/v2\/media\/10406"}],"wp:attachment":[{"href":"https:\/\/www.une.edu.pe\/Empresariales\/wp-json\/wp\/v2\/media?parent=10405"}],"wp:term":[{"taxonomy":"category","embeddable":true,"href":"https:\/\/www.une.edu.pe\/Empresariales\/wp-json\/wp\/v2\/categories?post=10405"},{"taxonomy":"post_tag","embeddable":true,"href":"https:\/\/www.une.edu.pe\/Empresariales\/wp-json\/wp\/v2\/tags?post=10405"}],"curies":[{"name":"wp","href":"https:\/\/api.w.org\/{rel}","templated":true}]}}