{"id":10372,"date":"2025-09-16T17:28:02","date_gmt":"2025-09-16T22:28:02","guid":{"rendered":"https:\/\/www.une.edu.pe\/Empresariales\/?p=10372"},"modified":"2026-03-12T12:25:42","modified_gmt":"2026-03-12T17:25:42","slug":"campana-de-salud-integral-en-la-face","status":"publish","type":"post","link":"https:\/\/www.une.edu.pe\/Empresariales\/campana-de-salud-integral-en-la-face\/","title":{"rendered":"Campa\u00f1a de Salud Integral en la FACE"},"content":{"rendered":"<p>La <strong>Coordinaci\u00f3n de Tutor\u00eda y Consejer\u00eda<\/strong> de la FACE, en articulaci\u00f3n con el <strong>Centro de Salud Leoncio Prado<\/strong> del R\u00edmac, desarrollaron el martes 16 de setiembre una Campa\u00f1a Gratuita de Salud Integral \u2013 Etapa Joven en nuestra Facultad.<\/p>\n<p data-start=\"467\" data-end=\"629\">Durante la jornada se brindaron diversos servicios orientados al cuidado y prevenci\u00f3n de la salud. Las atenciones se desarrollaron en dos espacios de la Facultad.<\/p>\n<p data-start=\"631\" data-end=\"770\">En el auditorio se ofrecieron servicios de triaje, laboratorio, nutrici\u00f3n, evaluaci\u00f3n de agudeza visual, medicina general y trabajo social.<\/p>\n<p data-start=\"772\" data-end=\"872\">Por su parte, en el patio se realizaron consultas de psicolog\u00eda, atenci\u00f3n odontol\u00f3gica y vacunaci\u00f3n.<\/p>\n<p data-start=\"874\" data-end=\"1018\">Esta actividad reafirma el compromiso de la FACE con la promoci\u00f3n del bienestar integral y el cuidado de la salud de su comunidad universitaria.<\/p>\n<p data-start=\"874\" data-end=\"1018\">16 de setiembre del 2025.<\/p>\n<div id='gallery-1' class='gallery galleryid-10372 gallery-columns-2 gallery-size-large'><figure class='gallery-item'>\n\t\t\t<div class='gallery-icon landscape'>\n\t\t\t\t<a href='https:\/\/www.une.edu.pe\/Empresariales\/campana-de-salud-integral-en-la-face\/img_2415\/'><img fetchpriority=\"high\" decoding=\"async\" width=\"847\" height=\"476\" src=\"https:\/\/www.une.edu.pe\/Empresariales\/wp-content\/uploads\/2026\/03\/IMG_2415-1024x575.jpg\" class=\"attachment-large size-large\" alt=\"\" srcset=\"https:\/\/www.une.edu.pe\/Empresariales\/wp-content\/uploads\/2026\/03\/IMG_2415-1024x575.jpg 1024w, https:\/\/www.une.edu.pe\/Empresariales\/wp-content\/uploads\/2026\/03\/IMG_2415-300x168.jpg 300w, https:\/\/www.une.edu.pe\/Empresariales\/wp-content\/uploads\/2026\/03\/IMG_2415-768x431.jpg 768w, https:\/\/www.une.edu.pe\/Empresariales\/wp-content\/uploads\/2026\/03\/IMG_2415-1536x862.jpg 1536w, https:\/\/www.une.edu.pe\/Empresariales\/wp-content\/uploads\/2026\/03\/IMG_2415-2048x1150.jpg 2048w, https:\/\/www.une.edu.pe\/Empresariales\/wp-content\/uploads\/2026\/03\/IMG_2415-360x202.jpg 360w\" sizes=\"(max-width: 847px) 100vw, 847px\" \/><\/a>\n\t\t\t<\/div><\/figure><figure class='gallery-item'>\n\t\t\t<div class='gallery-icon landscape'>\n\t\t\t\t<a href='https:\/\/www.une.edu.pe\/Empresariales\/campana-de-salud-integral-en-la-face\/img_2416\/'><img decoding=\"async\" width=\"847\" height=\"476\" src=\"https:\/\/www.une.edu.pe\/Empresariales\/wp-content\/uploads\/2026\/03\/IMG_2416-1024x575.jpg\" class=\"attachment-large size-large\" alt=\"\" srcset=\"https:\/\/www.une.edu.pe\/Empresariales\/wp-content\/uploads\/2026\/03\/IMG_2416-1024x575.jpg 1024w, https:\/\/www.une.edu.pe\/Empresariales\/wp-content\/uploads\/2026\/03\/IMG_2416-300x168.jpg 300w, https:\/\/www.une.edu.pe\/Empresariales\/wp-content\/uploads\/2026\/03\/IMG_2416-768x431.jpg 768w, https:\/\/www.une.edu.pe\/Empresariales\/wp-content\/uploads\/2026\/03\/IMG_2416-1536x862.jpg 1536w, https:\/\/www.une.edu.pe\/Empresariales\/wp-content\/uploads\/2026\/03\/IMG_2416-2048x1150.jpg 2048w, https:\/\/www.une.edu.pe\/Empresariales\/wp-content\/uploads\/2026\/03\/IMG_2416-360x202.jpg 360w\" sizes=\"(max-width: 847px) 100vw, 847px\" \/><\/a>\n\t\t\t<\/div><\/figure><figure class='gallery-item'>\n\t\t\t<div class='gallery-icon landscape'>\n\t\t\t\t<a href='https:\/\/www.une.edu.pe\/Empresariales\/campana-de-salud-integral-en-la-face\/img_2417\/'><img decoding=\"async\" width=\"847\" height=\"476\" src=\"https:\/\/www.une.edu.pe\/Empresariales\/wp-content\/uploads\/2026\/03\/IMG_2417-1024x575.jpg\" class=\"attachment-large size-large\" alt=\"\" srcset=\"https:\/\/www.une.edu.pe\/Empresariales\/wp-content\/uploads\/2026\/03\/IMG_2417-1024x575.jpg 1024w, https:\/\/www.une.edu.pe\/Empresariales\/wp-content\/uploads\/2026\/03\/IMG_2417-300x168.jpg 300w, https:\/\/www.une.edu.pe\/Empresariales\/wp-content\/uploads\/2026\/03\/IMG_2417-768x431.jpg 768w, https:\/\/www.une.edu.pe\/Empresariales\/wp-content\/uploads\/2026\/03\/IMG_2417-1536x862.jpg 1536w, https:\/\/www.une.edu.pe\/Empresariales\/wp-content\/uploads\/2026\/03\/IMG_2417-2048x1150.jpg 2048w, https:\/\/www.une.edu.pe\/Empresariales\/wp-content\/uploads\/2026\/03\/IMG_2417-360x202.jpg 360w\" sizes=\"(max-width: 847px) 100vw, 847px\" \/><\/a>\n\t\t\t<\/div><\/figure><figure class='gallery-item'>\n\t\t\t<div class='gallery-icon landscape'>\n\t\t\t\t<a href='https:\/\/www.une.edu.pe\/Empresariales\/campana-de-salud-integral-en-la-face\/img_2419\/'><img loading=\"lazy\" decoding=\"async\" width=\"847\" height=\"476\" src=\"https:\/\/www.une.edu.pe\/Empresariales\/wp-content\/uploads\/2026\/03\/IMG_2419-1024x575.jpg\" class=\"attachment-large size-large\" alt=\"\" srcset=\"https:\/\/www.une.edu.pe\/Empresariales\/wp-content\/uploads\/2026\/03\/IMG_2419-1024x575.jpg 1024w, https:\/\/www.une.edu.pe\/Empresariales\/wp-content\/uploads\/2026\/03\/IMG_2419-300x168.jpg 300w, https:\/\/www.une.edu.pe\/Empresariales\/wp-content\/uploads\/2026\/03\/IMG_2419-768x431.jpg 768w, https:\/\/www.une.edu.pe\/Empresariales\/wp-content\/uploads\/2026\/03\/IMG_2419-1536x862.jpg 1536w, https:\/\/www.une.edu.pe\/Empresariales\/wp-content\/uploads\/2026\/03\/IMG_2419-2048x1150.jpg 2048w, https:\/\/www.une.edu.pe\/Empresariales\/wp-content\/uploads\/2026\/03\/IMG_2419-360x202.jpg 360w\" sizes=\"(max-width: 847px) 100vw, 847px\" \/><\/a>\n\t\t\t<\/div><\/figure><figure class='gallery-item'>\n\t\t\t<div class='gallery-icon landscape'>\n\t\t\t\t<a href='https:\/\/www.une.edu.pe\/Empresariales\/campana-de-salud-integral-en-la-face\/img_2420\/'><img loading=\"lazy\" decoding=\"async\" width=\"847\" height=\"476\" src=\"https:\/\/www.une.edu.pe\/Empresariales\/wp-content\/uploads\/2026\/03\/IMG_2420-1024x575.jpg\" class=\"attachment-large size-large\" alt=\"\" srcset=\"https:\/\/www.une.edu.pe\/Empresariales\/wp-content\/uploads\/2026\/03\/IMG_2420-1024x575.jpg 1024w, https:\/\/www.une.edu.pe\/Empresariales\/wp-content\/uploads\/2026\/03\/IMG_2420-300x168.jpg 300w, https:\/\/www.une.edu.pe\/Empresariales\/wp-content\/uploads\/2026\/03\/IMG_2420-768x431.jpg 768w, https:\/\/www.une.edu.pe\/Empresariales\/wp-content\/uploads\/2026\/03\/IMG_2420-1536x862.jpg 1536w, https:\/\/www.une.edu.pe\/Empresariales\/wp-content\/uploads\/2026\/03\/IMG_2420-2048x1150.jpg 2048w, https:\/\/www.une.edu.pe\/Empresariales\/wp-content\/uploads\/2026\/03\/IMG_2420-360x202.jpg 360w\" sizes=\"(max-width: 847px) 100vw, 847px\" \/><\/a>\n\t\t\t<\/div><\/figure><figure class='gallery-item'>\n\t\t\t<div class='gallery-icon landscape'>\n\t\t\t\t<a href='https:\/\/www.une.edu.pe\/Empresariales\/campana-de-salud-integral-en-la-face\/img_2421\/'><img loading=\"lazy\" decoding=\"async\" width=\"847\" height=\"476\" src=\"https:\/\/www.une.edu.pe\/Empresariales\/wp-content\/uploads\/2026\/03\/IMG_2421-1024x575.jpg\" class=\"attachment-large size-large\" alt=\"\" srcset=\"https:\/\/www.une.edu.pe\/Empresariales\/wp-content\/uploads\/2026\/03\/IMG_2421-1024x575.jpg 1024w, https:\/\/www.une.edu.pe\/Empresariales\/wp-content\/uploads\/2026\/03\/IMG_2421-300x168.jpg 300w, https:\/\/www.une.edu.pe\/Empresariales\/wp-content\/uploads\/2026\/03\/IMG_2421-768x431.jpg 768w, https:\/\/www.une.edu.pe\/Empresariales\/wp-content\/uploads\/2026\/03\/IMG_2421-1536x862.jpg 1536w, https:\/\/www.une.edu.pe\/Empresariales\/wp-content\/uploads\/2026\/03\/IMG_2421-2048x1150.jpg 2048w, https:\/\/www.une.edu.pe\/Empresariales\/wp-content\/uploads\/2026\/03\/IMG_2421-360x202.jpg 360w\" sizes=\"(max-width: 847px) 100vw, 847px\" \/><\/a>\n\t\t\t<\/div><\/figure><figure class='gallery-item'>\n\t\t\t<div class='gallery-icon landscape'>\n\t\t\t\t<a href='https:\/\/www.une.edu.pe\/Empresariales\/campana-de-salud-integral-en-la-face\/img_2423\/'><img loading=\"lazy\" decoding=\"async\" width=\"847\" height=\"476\" src=\"https:\/\/www.une.edu.pe\/Empresariales\/wp-content\/uploads\/2026\/03\/IMG_2423-1024x575.jpg\" class=\"attachment-large size-large\" alt=\"\" srcset=\"https:\/\/www.une.edu.pe\/Empresariales\/wp-content\/uploads\/2026\/03\/IMG_2423-1024x575.jpg 1024w, https:\/\/www.une.edu.pe\/Empresariales\/wp-content\/uploads\/2026\/03\/IMG_2423-300x168.jpg 300w, https:\/\/www.une.edu.pe\/Empresariales\/wp-content\/uploads\/2026\/03\/IMG_2423-768x431.jpg 768w, https:\/\/www.une.edu.pe\/Empresariales\/wp-content\/uploads\/2026\/03\/IMG_2423-1536x862.jpg 1536w, https:\/\/www.une.edu.pe\/Empresariales\/wp-content\/uploads\/2026\/03\/IMG_2423-2048x1150.jpg 2048w, https:\/\/www.une.edu.pe\/Empresariales\/wp-content\/uploads\/2026\/03\/IMG_2423-360x202.jpg 360w\" sizes=\"(max-width: 847px) 100vw, 847px\" \/><\/a>\n\t\t\t<\/div><\/figure><figure class='gallery-item'>\n\t\t\t<div class='gallery-icon landscape'>\n\t\t\t\t<a href='https:\/\/www.une.edu.pe\/Empresariales\/campana-de-salud-integral-en-la-face\/img_2424\/'><img loading=\"lazy\" decoding=\"async\" width=\"847\" height=\"476\" src=\"https:\/\/www.une.edu.pe\/Empresariales\/wp-content\/uploads\/2026\/03\/IMG_2424-1024x575.jpg\" class=\"attachment-large size-large\" alt=\"\" srcset=\"https:\/\/www.une.edu.pe\/Empresariales\/wp-content\/uploads\/2026\/03\/IMG_2424-1024x575.jpg 1024w, https:\/\/www.une.edu.pe\/Empresariales\/wp-content\/uploads\/2026\/03\/IMG_2424-300x168.jpg 300w, https:\/\/www.une.edu.pe\/Empresariales\/wp-content\/uploads\/2026\/03\/IMG_2424-768x431.jpg 768w, https:\/\/www.une.edu.pe\/Empresariales\/wp-content\/uploads\/2026\/03\/IMG_2424-1536x862.jpg 1536w, https:\/\/www.une.edu.pe\/Empresariales\/wp-content\/uploads\/2026\/03\/IMG_2424-2048x1150.jpg 2048w, https:\/\/www.une.edu.pe\/Empresariales\/wp-content\/uploads\/2026\/03\/IMG_2424-360x202.jpg 360w\" sizes=\"(max-width: 847px) 100vw, 847px\" \/><\/a>\n\t\t\t<\/div><\/figure>\n\t\t<\/div>\n\n<div id='gallery-2' class='gallery galleryid-10372 gallery-columns-1 gallery-size-large'><figure class='gallery-item'>\n\t\t\t<div class='gallery-icon landscape'>\n\t\t\t\t<a href='https:\/\/www.une.edu.pe\/Empresariales\/campana-de-salud-integral-en-la-face\/img_2428\/'><img loading=\"lazy\" decoding=\"async\" width=\"847\" height=\"476\" src=\"https:\/\/www.une.edu.pe\/Empresariales\/wp-content\/uploads\/2026\/03\/IMG_2428-1024x575.jpg\" class=\"attachment-large size-large\" alt=\"\" srcset=\"https:\/\/www.une.edu.pe\/Empresariales\/wp-content\/uploads\/2026\/03\/IMG_2428-1024x575.jpg 1024w, https:\/\/www.une.edu.pe\/Empresariales\/wp-content\/uploads\/2026\/03\/IMG_2428-300x168.jpg 300w, https:\/\/www.une.edu.pe\/Empresariales\/wp-content\/uploads\/2026\/03\/IMG_2428-768x431.jpg 768w, https:\/\/www.une.edu.pe\/Empresariales\/wp-content\/uploads\/2026\/03\/IMG_2428-1536x862.jpg 1536w, https:\/\/www.une.edu.pe\/Empresariales\/wp-content\/uploads\/2026\/03\/IMG_2428-2048x1150.jpg 2048w, https:\/\/www.une.edu.pe\/Empresariales\/wp-content\/uploads\/2026\/03\/IMG_2428-360x202.jpg 360w\" sizes=\"(max-width: 847px) 100vw, 847px\" \/><\/a>\n\t\t\t<\/div><\/figure>\n\t\t<\/div>\n\n","protected":false},"excerpt":{"rendered":"<p>La Coordinaci\u00f3n de Tutor\u00eda y Consejer\u00eda de la FACE, en articulaci\u00f3n con el Centro de Salud Leoncio Prado del R\u00edmac, desarrollaron el martes 16 de setiembre una Campa\u00f1a Gratuita de Salud Integral \u2013 Etapa Joven en nuestra Facultad. Durante la <a href=\"https:\/\/www.une.edu.pe\/Empresariales\/campana-de-salud-integral-en-la-face\/\" class=\"read-more\">Leer m\u00e1s&#8230;<\/a><\/p>\n","protected":false},"author":4,"featured_media":10373,"comment_status":"closed","ping_status":"closed","sticky":false,"template":"","format":"standard","meta":{"footnotes":""},"categories":[27],"tags":[],"class_list":["post-10372","post","type-post","status-publish","format-standard","has-post-thumbnail","hentry","category-tutoria"],"_links":{"self":[{"href":"https:\/\/www.une.edu.pe\/Empresariales\/wp-json\/wp\/v2\/posts\/10372","targetHints":{"allow":["GET"]}}],"collection":[{"href":"https:\/\/www.une.edu.pe\/Empresariales\/wp-json\/wp\/v2\/posts"}],"about":[{"href":"https:\/\/www.une.edu.pe\/Empresariales\/wp-json\/wp\/v2\/types\/post"}],"author":[{"embeddable":true,"href":"https:\/\/www.une.edu.pe\/Empresariales\/wp-json\/wp\/v2\/users\/4"}],"replies":[{"embeddable":true,"href":"https:\/\/www.une.edu.pe\/Empresariales\/wp-json\/wp\/v2\/comments?post=10372"}],"version-history":[{"count":2,"href":"https:\/\/www.une.edu.pe\/Empresariales\/wp-json\/wp\/v2\/posts\/10372\/revisions"}],"predecessor-version":[{"id":10386,"href":"https:\/\/www.une.edu.pe\/Empresariales\/wp-json\/wp\/v2\/posts\/10372\/revisions\/10386"}],"wp:featuredmedia":[{"embeddable":true,"href":"https:\/\/www.une.edu.pe\/Empresariales\/wp-json\/wp\/v2\/media\/10373"}],"wp:attachment":[{"href":"https:\/\/www.une.edu.pe\/Empresariales\/wp-json\/wp\/v2\/media?parent=10372"}],"wp:term":[{"taxonomy":"category","embeddable":true,"href":"https:\/\/www.une.edu.pe\/Empresariales\/wp-json\/wp\/v2\/categories?post=10372"},{"taxonomy":"post_tag","embeddable":true,"href":"https:\/\/www.une.edu.pe\/Empresariales\/wp-json\/wp\/v2\/tags?post=10372"}],"curies":[{"name":"wp","href":"https:\/\/api.w.org\/{rel}","templated":true}]}}