{"id":10336,"date":"2026-03-09T18:05:48","date_gmt":"2026-03-09T23:05:48","guid":{"rendered":"https:\/\/www.une.edu.pe\/Empresariales\/?p=10336"},"modified":"2026-03-09T18:05:48","modified_gmt":"2026-03-09T23:05:48","slug":"dia-internacional-de-la-no-violencia-contra-la-mujer-construyendo-igualdad-desde-la-face-2","status":"publish","type":"post","link":"https:\/\/www.une.edu.pe\/Empresariales\/dia-internacional-de-la-no-violencia-contra-la-mujer-construyendo-igualdad-desde-la-face-2\/","title":{"rendered":"D\u00eda Internacional de la No Violencia contra la Mujer: Construyendo igualdad desde la FACE"},"content":{"rendered":"<p>La Facultad de Ciencias Empresariales -UNE, mediante la <strong>Coordinaci\u00f3n de Tutor\u00eda y Consejer\u00eda<\/strong>, desarroll\u00f3 con \u00e9xito la <em>Tercera Charla Informativa \u201cHombres construyendo igualdad\u201d<\/em>, dirigida a los estudiantes del turno noche.<\/p>\n<p>Esta importante sesi\u00f3n fue realizada por el <strong>Ministerio de la Mujer y Poblaciones Vulnerables<\/strong>, a trav\u00e9s del Programa Nacional Warmi \u00d1an, reafirmando nuestro compromiso con la formaci\u00f3n integral y la promoci\u00f3n de relaciones basadas en el respeto, la equidad y la convivencia sin violencia.<\/p>\n<p>25 de noviembre del 2025.<\/p>\n<div id='gallery-1' class='gallery galleryid-10336 gallery-columns-1 gallery-size-full'><figure class='gallery-item'>\n\t\t\t<div class='gallery-icon landscape'>\n\t\t\t\t<a href='https:\/\/www.une.edu.pe\/Empresariales\/dia-internacional-de-la-no-violencia-contra-la-mujer-construyendo-igualdad-desde-la-face-2\/foto-apoyo-1-7\/'><img fetchpriority=\"high\" decoding=\"async\" width=\"1280\" height=\"507\" src=\"https:\/\/www.une.edu.pe\/Empresariales\/wp-content\/uploads\/2026\/03\/foto-apoyo-1-7.jpg\" class=\"attachment-full size-full\" alt=\"\" srcset=\"https:\/\/www.une.edu.pe\/Empresariales\/wp-content\/uploads\/2026\/03\/foto-apoyo-1-7.jpg 1280w, https:\/\/www.une.edu.pe\/Empresariales\/wp-content\/uploads\/2026\/03\/foto-apoyo-1-7-300x119.jpg 300w, https:\/\/www.une.edu.pe\/Empresariales\/wp-content\/uploads\/2026\/03\/foto-apoyo-1-7-1024x406.jpg 1024w, https:\/\/www.une.edu.pe\/Empresariales\/wp-content\/uploads\/2026\/03\/foto-apoyo-1-7-768x304.jpg 768w, https:\/\/www.une.edu.pe\/Empresariales\/wp-content\/uploads\/2026\/03\/foto-apoyo-1-7-360x143.jpg 360w\" sizes=\"(max-width: 1280px) 100vw, 1280px\" \/><\/a>\n\t\t\t<\/div><\/figure><figure class='gallery-item'>\n\t\t\t<div class='gallery-icon landscape'>\n\t\t\t\t<a href='https:\/\/www.une.edu.pe\/Empresariales\/dia-internacional-de-la-no-violencia-contra-la-mujer-construyendo-igualdad-desde-la-face-2\/foto-apoyo-2-7\/'><img decoding=\"async\" width=\"1280\" height=\"510\" src=\"https:\/\/www.une.edu.pe\/Empresariales\/wp-content\/uploads\/2026\/03\/foto-apoyo-2-7.jpg\" class=\"attachment-full size-full\" alt=\"\" srcset=\"https:\/\/www.une.edu.pe\/Empresariales\/wp-content\/uploads\/2026\/03\/foto-apoyo-2-7.jpg 1280w, https:\/\/www.une.edu.pe\/Empresariales\/wp-content\/uploads\/2026\/03\/foto-apoyo-2-7-300x120.jpg 300w, https:\/\/www.une.edu.pe\/Empresariales\/wp-content\/uploads\/2026\/03\/foto-apoyo-2-7-1024x408.jpg 1024w, https:\/\/www.une.edu.pe\/Empresariales\/wp-content\/uploads\/2026\/03\/foto-apoyo-2-7-768x306.jpg 768w, https:\/\/www.une.edu.pe\/Empresariales\/wp-content\/uploads\/2026\/03\/foto-apoyo-2-7-360x143.jpg 360w\" sizes=\"(max-width: 1280px) 100vw, 1280px\" \/><\/a>\n\t\t\t<\/div><\/figure><figure class='gallery-item'>\n\t\t\t<div class='gallery-icon landscape'>\n\t\t\t\t<a href='https:\/\/www.une.edu.pe\/Empresariales\/dia-internacional-de-la-no-violencia-contra-la-mujer-construyendo-igualdad-desde-la-face-2\/foto-apoyo-3-6\/'><img decoding=\"async\" width=\"1600\" height=\"1200\" src=\"https:\/\/www.une.edu.pe\/Empresariales\/wp-content\/uploads\/2026\/03\/foto-apoyo-3-6.jpg\" class=\"attachment-full size-full\" alt=\"\" srcset=\"https:\/\/www.une.edu.pe\/Empresariales\/wp-content\/uploads\/2026\/03\/foto-apoyo-3-6.jpg 1600w, https:\/\/www.une.edu.pe\/Empresariales\/wp-content\/uploads\/2026\/03\/foto-apoyo-3-6-300x225.jpg 300w, https:\/\/www.une.edu.pe\/Empresariales\/wp-content\/uploads\/2026\/03\/foto-apoyo-3-6-1024x768.jpg 1024w, https:\/\/www.une.edu.pe\/Empresariales\/wp-content\/uploads\/2026\/03\/foto-apoyo-3-6-768x576.jpg 768w, https:\/\/www.une.edu.pe\/Empresariales\/wp-content\/uploads\/2026\/03\/foto-apoyo-3-6-1536x1152.jpg 1536w, https:\/\/www.une.edu.pe\/Empresariales\/wp-content\/uploads\/2026\/03\/foto-apoyo-3-6-360x270.jpg 360w\" sizes=\"(max-width: 1600px) 100vw, 1600px\" \/><\/a>\n\t\t\t<\/div><\/figure><figure class='gallery-item'>\n\t\t\t<div class='gallery-icon landscape'>\n\t\t\t\t<a href='https:\/\/www.une.edu.pe\/Empresariales\/dia-internacional-de-la-no-violencia-contra-la-mujer-construyendo-igualdad-desde-la-face-2\/foto-apoyo-4-5\/'><img loading=\"lazy\" decoding=\"async\" width=\"1600\" height=\"1200\" src=\"https:\/\/www.une.edu.pe\/Empresariales\/wp-content\/uploads\/2026\/03\/foto-apoyo-4-5.jpg\" class=\"attachment-full size-full\" alt=\"\" srcset=\"https:\/\/www.une.edu.pe\/Empresariales\/wp-content\/uploads\/2026\/03\/foto-apoyo-4-5.jpg 1600w, https:\/\/www.une.edu.pe\/Empresariales\/wp-content\/uploads\/2026\/03\/foto-apoyo-4-5-300x225.jpg 300w, https:\/\/www.une.edu.pe\/Empresariales\/wp-content\/uploads\/2026\/03\/foto-apoyo-4-5-1024x768.jpg 1024w, https:\/\/www.une.edu.pe\/Empresariales\/wp-content\/uploads\/2026\/03\/foto-apoyo-4-5-768x576.jpg 768w, https:\/\/www.une.edu.pe\/Empresariales\/wp-content\/uploads\/2026\/03\/foto-apoyo-4-5-1536x1152.jpg 1536w, https:\/\/www.une.edu.pe\/Empresariales\/wp-content\/uploads\/2026\/03\/foto-apoyo-4-5-360x270.jpg 360w\" sizes=\"(max-width: 1600px) 100vw, 1600px\" \/><\/a>\n\t\t\t<\/div><\/figure>\n\t\t<\/div>\n\n<p><img loading=\"lazy\" decoding=\"async\" class=\"alignnone size-full wp-image-10342\" src=\"https:\/\/www.une.edu.pe\/Empresariales\/wp-content\/uploads\/2026\/03\/foto-apoyo-5-2.jpg\" alt=\"\" width=\"1280\" height=\"495\" srcset=\"https:\/\/www.une.edu.pe\/Empresariales\/wp-content\/uploads\/2026\/03\/foto-apoyo-5-2.jpg 1280w, https:\/\/www.une.edu.pe\/Empresariales\/wp-content\/uploads\/2026\/03\/foto-apoyo-5-2-300x116.jpg 300w, https:\/\/www.une.edu.pe\/Empresariales\/wp-content\/uploads\/2026\/03\/foto-apoyo-5-2-1024x396.jpg 1024w, https:\/\/www.une.edu.pe\/Empresariales\/wp-content\/uploads\/2026\/03\/foto-apoyo-5-2-768x297.jpg 768w, https:\/\/www.une.edu.pe\/Empresariales\/wp-content\/uploads\/2026\/03\/foto-apoyo-5-2-360x139.jpg 360w\" sizes=\"(max-width: 1280px) 100vw, 1280px\" \/><\/p>\n","protected":false},"excerpt":{"rendered":"<p>La Facultad de Ciencias Empresariales -UNE, mediante la Coordinaci\u00f3n de Tutor\u00eda y Consejer\u00eda, desarroll\u00f3 con \u00e9xito la Tercera Charla Informativa \u201cHombres construyendo igualdad\u201d, dirigida a los estudiantes del turno noche. Esta importante sesi\u00f3n fue realizada por el Ministerio de la <a href=\"https:\/\/www.une.edu.pe\/Empresariales\/dia-internacional-de-la-no-violencia-contra-la-mujer-construyendo-igualdad-desde-la-face-2\/\" class=\"read-more\">Leer m\u00e1s&#8230;<\/a><\/p>\n","protected":false},"author":4,"featured_media":10337,"comment_status":"closed","ping_status":"closed","sticky":false,"template":"","format":"standard","meta":{"footnotes":""},"categories":[27],"tags":[],"class_list":["post-10336","post","type-post","status-publish","format-standard","has-post-thumbnail","hentry","category-tutoria"],"_links":{"self":[{"href":"https:\/\/www.une.edu.pe\/Empresariales\/wp-json\/wp\/v2\/posts\/10336","targetHints":{"allow":["GET"]}}],"collection":[{"href":"https:\/\/www.une.edu.pe\/Empresariales\/wp-json\/wp\/v2\/posts"}],"about":[{"href":"https:\/\/www.une.edu.pe\/Empresariales\/wp-json\/wp\/v2\/types\/post"}],"author":[{"embeddable":true,"href":"https:\/\/www.une.edu.pe\/Empresariales\/wp-json\/wp\/v2\/users\/4"}],"replies":[{"embeddable":true,"href":"https:\/\/www.une.edu.pe\/Empresariales\/wp-json\/wp\/v2\/comments?post=10336"}],"version-history":[{"count":3,"href":"https:\/\/www.une.edu.pe\/Empresariales\/wp-json\/wp\/v2\/posts\/10336\/revisions"}],"predecessor-version":[{"id":10345,"href":"https:\/\/www.une.edu.pe\/Empresariales\/wp-json\/wp\/v2\/posts\/10336\/revisions\/10345"}],"wp:featuredmedia":[{"embeddable":true,"href":"https:\/\/www.une.edu.pe\/Empresariales\/wp-json\/wp\/v2\/media\/10337"}],"wp:attachment":[{"href":"https:\/\/www.une.edu.pe\/Empresariales\/wp-json\/wp\/v2\/media?parent=10336"}],"wp:term":[{"taxonomy":"category","embeddable":true,"href":"https:\/\/www.une.edu.pe\/Empresariales\/wp-json\/wp\/v2\/categories?post=10336"},{"taxonomy":"post_tag","embeddable":true,"href":"https:\/\/www.une.edu.pe\/Empresariales\/wp-json\/wp\/v2\/tags?post=10336"}],"curies":[{"name":"wp","href":"https:\/\/api.w.org\/{rel}","templated":true}]}}