{"id":10322,"date":"2026-03-09T17:57:03","date_gmt":"2026-03-09T22:57:03","guid":{"rendered":"https:\/\/www.une.edu.pe\/Empresariales\/?p=10322"},"modified":"2026-03-09T17:57:03","modified_gmt":"2026-03-09T22:57:03","slug":"hombres-construyendo-igualdad-en-el-turno-manana","status":"publish","type":"post","link":"https:\/\/www.une.edu.pe\/Empresariales\/hombres-construyendo-igualdad-en-el-turno-manana\/","title":{"rendered":"Hombres construyendo igualdad en el turno ma\u00f1ana"},"content":{"rendered":"<p>Con la participaci\u00f3n de estudiantes del turno ma\u00f1ana de la Facultad de Ciencias Empresariales &#8211; UNE se desarroll\u00f3 la <em>Segunda Charla Informativa \u201cHombres construyendo igualdad\u201d<\/em>, promovida por el <strong>Ministerio de la Mujer y Poblaciones <\/strong><strong>Vulnerables<\/strong>, a trav\u00e9s del Programa Nacional Warmi \u00d1an el viernes 7 de noviembre.<\/p>\n<p>Durante esta jornada, los estudiantes participaron activamente en diversas din\u00e1micas y juegos reflexivos, que promovieron la empat\u00eda, el respeto y la corresponsabilidad en la construcci\u00f3n de una sociedad m\u00e1s justa e igualitaria. Asimismo, se generaron espacios de di\u00e1logo donde los asistentes compartieron ideas y compromisos frente a situaciones de acoso y violencia en espacios p\u00fablicos.<\/p>\n<p>Esta importante iniciativa, impulsada por el <strong>Ministerio de la Mujer y Poblaciones Vulnerables<\/strong>, cont\u00f3 con la organizaci\u00f3n de la <strong>Coordinaci\u00f3n de Tutor\u00eda y Consejer\u00eda <\/strong>de la FACE, reafirmando el compromiso institucional con la promoci\u00f3n de la igualdad de g\u00e9nero, la prevenci\u00f3n de la violencia y la convivencia respetuosa en el \u00e1mbito universitario.<\/p>\n<p>7 de noviembre del 2025.<\/p>\n<div id='gallery-1' class='gallery galleryid-10322 gallery-columns-2 gallery-size-large'><figure class='gallery-item'>\n\t\t\t<div class='gallery-icon landscape'>\n\t\t\t\t<a href='https:\/\/www.une.edu.pe\/Empresariales\/hombres-construyendo-igualdad-en-el-turno-manana\/foto-apoyo-1-6\/'><img fetchpriority=\"high\" decoding=\"async\" width=\"847\" height=\"476\" src=\"https:\/\/www.une.edu.pe\/Empresariales\/wp-content\/uploads\/2026\/03\/foto-apoyo-1-6-1024x575.jpg\" class=\"attachment-large size-large\" alt=\"\" srcset=\"https:\/\/www.une.edu.pe\/Empresariales\/wp-content\/uploads\/2026\/03\/foto-apoyo-1-6-1024x575.jpg 1024w, https:\/\/www.une.edu.pe\/Empresariales\/wp-content\/uploads\/2026\/03\/foto-apoyo-1-6-300x168.jpg 300w, https:\/\/www.une.edu.pe\/Empresariales\/wp-content\/uploads\/2026\/03\/foto-apoyo-1-6-768x431.jpg 768w, https:\/\/www.une.edu.pe\/Empresariales\/wp-content\/uploads\/2026\/03\/foto-apoyo-1-6-1536x863.jpg 1536w, https:\/\/www.une.edu.pe\/Empresariales\/wp-content\/uploads\/2026\/03\/foto-apoyo-1-6-360x202.jpg 360w, https:\/\/www.une.edu.pe\/Empresariales\/wp-content\/uploads\/2026\/03\/foto-apoyo-1-6.jpg 2048w\" sizes=\"(max-width: 847px) 100vw, 847px\" \/><\/a>\n\t\t\t<\/div><\/figure><figure class='gallery-item'>\n\t\t\t<div class='gallery-icon landscape'>\n\t\t\t\t<a href='https:\/\/www.une.edu.pe\/Empresariales\/hombres-construyendo-igualdad-en-el-turno-manana\/foto-apoyo-2-6\/'><img decoding=\"async\" width=\"847\" height=\"476\" src=\"https:\/\/www.une.edu.pe\/Empresariales\/wp-content\/uploads\/2026\/03\/foto-apoyo-2-6-1024x575.jpg\" class=\"attachment-large size-large\" alt=\"\" srcset=\"https:\/\/www.une.edu.pe\/Empresariales\/wp-content\/uploads\/2026\/03\/foto-apoyo-2-6-1024x575.jpg 1024w, https:\/\/www.une.edu.pe\/Empresariales\/wp-content\/uploads\/2026\/03\/foto-apoyo-2-6-300x168.jpg 300w, https:\/\/www.une.edu.pe\/Empresariales\/wp-content\/uploads\/2026\/03\/foto-apoyo-2-6-768x431.jpg 768w, https:\/\/www.une.edu.pe\/Empresariales\/wp-content\/uploads\/2026\/03\/foto-apoyo-2-6-1536x863.jpg 1536w, https:\/\/www.une.edu.pe\/Empresariales\/wp-content\/uploads\/2026\/03\/foto-apoyo-2-6-360x202.jpg 360w, https:\/\/www.une.edu.pe\/Empresariales\/wp-content\/uploads\/2026\/03\/foto-apoyo-2-6.jpg 2048w\" sizes=\"(max-width: 847px) 100vw, 847px\" \/><\/a>\n\t\t\t<\/div><\/figure><figure class='gallery-item'>\n\t\t\t<div class='gallery-icon landscape'>\n\t\t\t\t<a href='https:\/\/www.une.edu.pe\/Empresariales\/hombres-construyendo-igualdad-en-el-turno-manana\/foto-apoyo-3-5\/'><img decoding=\"async\" width=\"847\" height=\"476\" src=\"https:\/\/www.une.edu.pe\/Empresariales\/wp-content\/uploads\/2026\/03\/foto-apoyo-3-5-1024x575.jpg\" class=\"attachment-large size-large\" alt=\"\" srcset=\"https:\/\/www.une.edu.pe\/Empresariales\/wp-content\/uploads\/2026\/03\/foto-apoyo-3-5-1024x575.jpg 1024w, https:\/\/www.une.edu.pe\/Empresariales\/wp-content\/uploads\/2026\/03\/foto-apoyo-3-5-300x168.jpg 300w, https:\/\/www.une.edu.pe\/Empresariales\/wp-content\/uploads\/2026\/03\/foto-apoyo-3-5-768x431.jpg 768w, https:\/\/www.une.edu.pe\/Empresariales\/wp-content\/uploads\/2026\/03\/foto-apoyo-3-5-1536x863.jpg 1536w, https:\/\/www.une.edu.pe\/Empresariales\/wp-content\/uploads\/2026\/03\/foto-apoyo-3-5-360x202.jpg 360w, https:\/\/www.une.edu.pe\/Empresariales\/wp-content\/uploads\/2026\/03\/foto-apoyo-3-5.jpg 2048w\" sizes=\"(max-width: 847px) 100vw, 847px\" \/><\/a>\n\t\t\t<\/div><\/figure><figure class='gallery-item'>\n\t\t\t<div class='gallery-icon landscape'>\n\t\t\t\t<a href='https:\/\/www.une.edu.pe\/Empresariales\/hombres-construyendo-igualdad-en-el-turno-manana\/foto-apoyo-4-4\/'><img loading=\"lazy\" decoding=\"async\" width=\"847\" height=\"476\" src=\"https:\/\/www.une.edu.pe\/Empresariales\/wp-content\/uploads\/2026\/03\/foto-apoyo-4-4-1024x575.jpg\" class=\"attachment-large size-large\" alt=\"\" srcset=\"https:\/\/www.une.edu.pe\/Empresariales\/wp-content\/uploads\/2026\/03\/foto-apoyo-4-4-1024x575.jpg 1024w, https:\/\/www.une.edu.pe\/Empresariales\/wp-content\/uploads\/2026\/03\/foto-apoyo-4-4-300x168.jpg 300w, https:\/\/www.une.edu.pe\/Empresariales\/wp-content\/uploads\/2026\/03\/foto-apoyo-4-4-768x431.jpg 768w, https:\/\/www.une.edu.pe\/Empresariales\/wp-content\/uploads\/2026\/03\/foto-apoyo-4-4-1536x863.jpg 1536w, https:\/\/www.une.edu.pe\/Empresariales\/wp-content\/uploads\/2026\/03\/foto-apoyo-4-4-360x202.jpg 360w, https:\/\/www.une.edu.pe\/Empresariales\/wp-content\/uploads\/2026\/03\/foto-apoyo-4-4.jpg 2048w\" sizes=\"(max-width: 847px) 100vw, 847px\" \/><\/a>\n\t\t\t<\/div><\/figure><figure class='gallery-item'>\n\t\t\t<div class='gallery-icon landscape'>\n\t\t\t\t<a href='https:\/\/www.une.edu.pe\/Empresariales\/hombres-construyendo-igualdad-en-el-turno-manana\/foto-apoyo-5-1\/'><img loading=\"lazy\" decoding=\"async\" width=\"847\" height=\"476\" src=\"https:\/\/www.une.edu.pe\/Empresariales\/wp-content\/uploads\/2026\/03\/foto-apoyo-5-1-1024x575.jpg\" class=\"attachment-large size-large\" alt=\"\" srcset=\"https:\/\/www.une.edu.pe\/Empresariales\/wp-content\/uploads\/2026\/03\/foto-apoyo-5-1-1024x575.jpg 1024w, https:\/\/www.une.edu.pe\/Empresariales\/wp-content\/uploads\/2026\/03\/foto-apoyo-5-1-300x168.jpg 300w, https:\/\/www.une.edu.pe\/Empresariales\/wp-content\/uploads\/2026\/03\/foto-apoyo-5-1-768x431.jpg 768w, https:\/\/www.une.edu.pe\/Empresariales\/wp-content\/uploads\/2026\/03\/foto-apoyo-5-1-1536x863.jpg 1536w, https:\/\/www.une.edu.pe\/Empresariales\/wp-content\/uploads\/2026\/03\/foto-apoyo-5-1-360x202.jpg 360w, https:\/\/www.une.edu.pe\/Empresariales\/wp-content\/uploads\/2026\/03\/foto-apoyo-5-1.jpg 2048w\" sizes=\"(max-width: 847px) 100vw, 847px\" \/><\/a>\n\t\t\t<\/div><\/figure><figure class='gallery-item'>\n\t\t\t<div class='gallery-icon landscape'>\n\t\t\t\t<a href='https:\/\/www.une.edu.pe\/Empresariales\/hombres-construyendo-igualdad-en-el-turno-manana\/foto-apoyo-6\/'><img loading=\"lazy\" decoding=\"async\" width=\"847\" height=\"476\" src=\"https:\/\/www.une.edu.pe\/Empresariales\/wp-content\/uploads\/2026\/03\/foto-apoyo-6-1024x575.jpg\" class=\"attachment-large size-large\" alt=\"\" srcset=\"https:\/\/www.une.edu.pe\/Empresariales\/wp-content\/uploads\/2026\/03\/foto-apoyo-6-1024x575.jpg 1024w, https:\/\/www.une.edu.pe\/Empresariales\/wp-content\/uploads\/2026\/03\/foto-apoyo-6-300x168.jpg 300w, https:\/\/www.une.edu.pe\/Empresariales\/wp-content\/uploads\/2026\/03\/foto-apoyo-6-768x431.jpg 768w, https:\/\/www.une.edu.pe\/Empresariales\/wp-content\/uploads\/2026\/03\/foto-apoyo-6-1536x863.jpg 1536w, https:\/\/www.une.edu.pe\/Empresariales\/wp-content\/uploads\/2026\/03\/foto-apoyo-6-360x202.jpg 360w, https:\/\/www.une.edu.pe\/Empresariales\/wp-content\/uploads\/2026\/03\/foto-apoyo-6.jpg 2048w\" sizes=\"(max-width: 847px) 100vw, 847px\" \/><\/a>\n\t\t\t<\/div><\/figure><figure class='gallery-item'>\n\t\t\t<div class='gallery-icon landscape'>\n\t\t\t\t<a href='https:\/\/www.une.edu.pe\/Empresariales\/hombres-construyendo-igualdad-en-el-turno-manana\/foto-apoyo-7-1\/'><img loading=\"lazy\" decoding=\"async\" width=\"847\" height=\"476\" src=\"https:\/\/www.une.edu.pe\/Empresariales\/wp-content\/uploads\/2026\/03\/foto-apoyo-7-1-1024x575.jpg\" class=\"attachment-large size-large\" alt=\"\" srcset=\"https:\/\/www.une.edu.pe\/Empresariales\/wp-content\/uploads\/2026\/03\/foto-apoyo-7-1-1024x575.jpg 1024w, https:\/\/www.une.edu.pe\/Empresariales\/wp-content\/uploads\/2026\/03\/foto-apoyo-7-1-300x168.jpg 300w, https:\/\/www.une.edu.pe\/Empresariales\/wp-content\/uploads\/2026\/03\/foto-apoyo-7-1-768x431.jpg 768w, https:\/\/www.une.edu.pe\/Empresariales\/wp-content\/uploads\/2026\/03\/foto-apoyo-7-1-1536x863.jpg 1536w, https:\/\/www.une.edu.pe\/Empresariales\/wp-content\/uploads\/2026\/03\/foto-apoyo-7-1-360x202.jpg 360w, https:\/\/www.une.edu.pe\/Empresariales\/wp-content\/uploads\/2026\/03\/foto-apoyo-7-1.jpg 2048w\" sizes=\"(max-width: 847px) 100vw, 847px\" \/><\/a>\n\t\t\t<\/div><\/figure><figure class='gallery-item'>\n\t\t\t<div class='gallery-icon landscape'>\n\t\t\t\t<a href='https:\/\/www.une.edu.pe\/Empresariales\/hombres-construyendo-igualdad-en-el-turno-manana\/foto-apoyo-8-1\/'><img loading=\"lazy\" decoding=\"async\" width=\"847\" height=\"476\" src=\"https:\/\/www.une.edu.pe\/Empresariales\/wp-content\/uploads\/2026\/03\/foto-apoyo-8-1-1024x575.jpg\" class=\"attachment-large size-large\" alt=\"\" srcset=\"https:\/\/www.une.edu.pe\/Empresariales\/wp-content\/uploads\/2026\/03\/foto-apoyo-8-1-1024x575.jpg 1024w, https:\/\/www.une.edu.pe\/Empresariales\/wp-content\/uploads\/2026\/03\/foto-apoyo-8-1-300x168.jpg 300w, https:\/\/www.une.edu.pe\/Empresariales\/wp-content\/uploads\/2026\/03\/foto-apoyo-8-1-768x431.jpg 768w, https:\/\/www.une.edu.pe\/Empresariales\/wp-content\/uploads\/2026\/03\/foto-apoyo-8-1-1536x863.jpg 1536w, https:\/\/www.une.edu.pe\/Empresariales\/wp-content\/uploads\/2026\/03\/foto-apoyo-8-1-360x202.jpg 360w, https:\/\/www.une.edu.pe\/Empresariales\/wp-content\/uploads\/2026\/03\/foto-apoyo-8-1.jpg 2048w\" sizes=\"(max-width: 847px) 100vw, 847px\" \/><\/a>\n\t\t\t<\/div><\/figure>\n\t\t<\/div>\n\n<div id='gallery-2' class='gallery galleryid-10322 gallery-columns-1 gallery-size-large'><figure class='gallery-item'>\n\t\t\t<div class='gallery-icon landscape'>\n\t\t\t\t<a href='https:\/\/www.une.edu.pe\/Empresariales\/hombres-construyendo-igualdad-en-el-turno-manana\/foto-apoyo-9-2\/'><img loading=\"lazy\" decoding=\"async\" width=\"847\" height=\"476\" src=\"https:\/\/www.une.edu.pe\/Empresariales\/wp-content\/uploads\/2026\/03\/foto-apoyo-9-2-1024x575.jpg\" class=\"attachment-large size-large\" alt=\"\" srcset=\"https:\/\/www.une.edu.pe\/Empresariales\/wp-content\/uploads\/2026\/03\/foto-apoyo-9-2-1024x575.jpg 1024w, https:\/\/www.une.edu.pe\/Empresariales\/wp-content\/uploads\/2026\/03\/foto-apoyo-9-2-300x168.jpg 300w, https:\/\/www.une.edu.pe\/Empresariales\/wp-content\/uploads\/2026\/03\/foto-apoyo-9-2-768x431.jpg 768w, https:\/\/www.une.edu.pe\/Empresariales\/wp-content\/uploads\/2026\/03\/foto-apoyo-9-2-1536x863.jpg 1536w, https:\/\/www.une.edu.pe\/Empresariales\/wp-content\/uploads\/2026\/03\/foto-apoyo-9-2-360x202.jpg 360w, https:\/\/www.une.edu.pe\/Empresariales\/wp-content\/uploads\/2026\/03\/foto-apoyo-9-2.jpg 2048w\" sizes=\"(max-width: 847px) 100vw, 847px\" \/><\/a>\n\t\t\t<\/div><\/figure>\n\t\t<\/div>\n\n","protected":false},"excerpt":{"rendered":"<p>Con la participaci\u00f3n de estudiantes del turno ma\u00f1ana de la Facultad de Ciencias Empresariales &#8211; UNE se desarroll\u00f3 la Segunda Charla Informativa \u201cHombres construyendo igualdad\u201d, promovida por el Ministerio de la Mujer y Poblaciones Vulnerables, a trav\u00e9s del Programa Nacional <a href=\"https:\/\/www.une.edu.pe\/Empresariales\/hombres-construyendo-igualdad-en-el-turno-manana\/\" class=\"read-more\">Leer m\u00e1s&#8230;<\/a><\/p>\n","protected":false},"author":4,"featured_media":10334,"comment_status":"closed","ping_status":"closed","sticky":false,"template":"","format":"standard","meta":{"footnotes":""},"categories":[27],"tags":[],"class_list":["post-10322","post","type-post","status-publish","format-standard","has-post-thumbnail","hentry","category-tutoria"],"_links":{"self":[{"href":"https:\/\/www.une.edu.pe\/Empresariales\/wp-json\/wp\/v2\/posts\/10322","targetHints":{"allow":["GET"]}}],"collection":[{"href":"https:\/\/www.une.edu.pe\/Empresariales\/wp-json\/wp\/v2\/posts"}],"about":[{"href":"https:\/\/www.une.edu.pe\/Empresariales\/wp-json\/wp\/v2\/types\/post"}],"author":[{"embeddable":true,"href":"https:\/\/www.une.edu.pe\/Empresariales\/wp-json\/wp\/v2\/users\/4"}],"replies":[{"embeddable":true,"href":"https:\/\/www.une.edu.pe\/Empresariales\/wp-json\/wp\/v2\/comments?post=10322"}],"version-history":[{"count":3,"href":"https:\/\/www.une.edu.pe\/Empresariales\/wp-json\/wp\/v2\/posts\/10322\/revisions"}],"predecessor-version":[{"id":10357,"href":"https:\/\/www.une.edu.pe\/Empresariales\/wp-json\/wp\/v2\/posts\/10322\/revisions\/10357"}],"wp:featuredmedia":[{"embeddable":true,"href":"https:\/\/www.une.edu.pe\/Empresariales\/wp-json\/wp\/v2\/media\/10334"}],"wp:attachment":[{"href":"https:\/\/www.une.edu.pe\/Empresariales\/wp-json\/wp\/v2\/media?parent=10322"}],"wp:term":[{"taxonomy":"category","embeddable":true,"href":"https:\/\/www.une.edu.pe\/Empresariales\/wp-json\/wp\/v2\/categories?post=10322"},{"taxonomy":"post_tag","embeddable":true,"href":"https:\/\/www.une.edu.pe\/Empresariales\/wp-json\/wp\/v2\/tags?post=10322"}],"curies":[{"name":"wp","href":"https:\/\/api.w.org\/{rel}","templated":true}]}}