{"id":10292,"date":"2026-03-09T17:23:47","date_gmt":"2026-03-09T22:23:47","guid":{"rendered":"https:\/\/www.une.edu.pe\/Empresariales\/?p=10292"},"modified":"2026-03-09T17:23:47","modified_gmt":"2026-03-09T22:23:47","slug":"taller-el-rol-de-la-inteligencia-emocional-en-las-actividades-academicas","status":"publish","type":"post","link":"https:\/\/www.une.edu.pe\/Empresariales\/taller-el-rol-de-la-inteligencia-emocional-en-las-actividades-academicas\/","title":{"rendered":"Taller El rol de la inteligencia emocional en las actividades acad\u00e9micas"},"content":{"rendered":"<p>La Facultad de Ciencias Empresariales &#8211; UNE, a trav\u00e9s de la <strong>Coordinaci\u00f3n de Tutor\u00eda y Consejer\u00eda<\/strong>, dirigida por la Mtra. Zhenya Zubieta Zu\u00f1iga, y con el valioso apoyo de la Direcci\u00f3n de Bienestar Universitario, mediante la <strong>Unidad de Servicios M\u00e9dicos y Psicopedag\u00f3gicos<\/strong>, realiz\u00f3 el taller \u201cEl rol de la inteligencia emocional en las actividades acad\u00e9micas\u201d el 17 de julio en el Auditorio FACE.<\/p>\n<p>La actividad estuvo a cargo de la Mtra. Milagros Corzo Aponte, psic\u00f3loga del <strong>Servicio Psicopedag\u00f3gico FACE<\/strong>, quien brind\u00f3 orientaciones claves para que nuestros estudiantes aprendan a identificar, comprender y gestionar sus emociones en el \u00e1mbito acad\u00e9mico, fortaleciendo as\u00ed su bienestar y rendimiento educativo.<\/p>\n<p>Los asistentes participaron activamente y tuvieron la oportunidad de ganar premios y sorpresas en esta enriquecedora jornada de aprendizaje.<\/p>\n<p>Agradecemos la participaci\u00f3n de cada estudiante y los invitamos a seguir sum\u00e1ndose a nuestras pr\u00f3ximas actividades de formaci\u00f3n y bienestar.<\/p>\n<p>17 de julio del 2025.<\/p>\n<div id='gallery-1' class='gallery galleryid-10292 gallery-columns-2 gallery-size-large'><figure class='gallery-item'>\n\t\t\t<div class='gallery-icon landscape'>\n\t\t\t\t<a href='https:\/\/www.une.edu.pe\/Empresariales\/taller-el-rol-de-la-inteligencia-emocional-en-las-actividades-academicas\/foto-apoyo-1-3\/'><img fetchpriority=\"high\" decoding=\"async\" width=\"847\" height=\"476\" src=\"https:\/\/www.une.edu.pe\/Empresariales\/wp-content\/uploads\/2026\/03\/foto-apoyo-1-3-1024x575.jpg\" class=\"attachment-large size-large\" alt=\"\" srcset=\"https:\/\/www.une.edu.pe\/Empresariales\/wp-content\/uploads\/2026\/03\/foto-apoyo-1-3-1024x575.jpg 1024w, https:\/\/www.une.edu.pe\/Empresariales\/wp-content\/uploads\/2026\/03\/foto-apoyo-1-3-300x168.jpg 300w, https:\/\/www.une.edu.pe\/Empresariales\/wp-content\/uploads\/2026\/03\/foto-apoyo-1-3-768x431.jpg 768w, https:\/\/www.une.edu.pe\/Empresariales\/wp-content\/uploads\/2026\/03\/foto-apoyo-1-3-1536x863.jpg 1536w, https:\/\/www.une.edu.pe\/Empresariales\/wp-content\/uploads\/2026\/03\/foto-apoyo-1-3-360x202.jpg 360w, https:\/\/www.une.edu.pe\/Empresariales\/wp-content\/uploads\/2026\/03\/foto-apoyo-1-3.jpg 2048w\" sizes=\"(max-width: 847px) 100vw, 847px\" \/><\/a>\n\t\t\t<\/div><\/figure><figure class='gallery-item'>\n\t\t\t<div class='gallery-icon landscape'>\n\t\t\t\t<a href='https:\/\/www.une.edu.pe\/Empresariales\/taller-el-rol-de-la-inteligencia-emocional-en-las-actividades-academicas\/foto-apoyo-2-3\/'><img decoding=\"async\" width=\"847\" height=\"476\" src=\"https:\/\/www.une.edu.pe\/Empresariales\/wp-content\/uploads\/2026\/03\/foto-apoyo-2-3-1024x575.jpg\" class=\"attachment-large size-large\" alt=\"\" srcset=\"https:\/\/www.une.edu.pe\/Empresariales\/wp-content\/uploads\/2026\/03\/foto-apoyo-2-3-1024x575.jpg 1024w, https:\/\/www.une.edu.pe\/Empresariales\/wp-content\/uploads\/2026\/03\/foto-apoyo-2-3-300x168.jpg 300w, https:\/\/www.une.edu.pe\/Empresariales\/wp-content\/uploads\/2026\/03\/foto-apoyo-2-3-768x431.jpg 768w, https:\/\/www.une.edu.pe\/Empresariales\/wp-content\/uploads\/2026\/03\/foto-apoyo-2-3-1536x863.jpg 1536w, https:\/\/www.une.edu.pe\/Empresariales\/wp-content\/uploads\/2026\/03\/foto-apoyo-2-3-360x202.jpg 360w, https:\/\/www.une.edu.pe\/Empresariales\/wp-content\/uploads\/2026\/03\/foto-apoyo-2-3.jpg 2048w\" sizes=\"(max-width: 847px) 100vw, 847px\" \/><\/a>\n\t\t\t<\/div><\/figure><figure class='gallery-item'>\n\t\t\t<div class='gallery-icon landscape'>\n\t\t\t\t<a href='https:\/\/www.une.edu.pe\/Empresariales\/taller-el-rol-de-la-inteligencia-emocional-en-las-actividades-academicas\/foto-apoyo-3-2\/'><img decoding=\"async\" width=\"847\" height=\"476\" src=\"https:\/\/www.une.edu.pe\/Empresariales\/wp-content\/uploads\/2026\/03\/foto-apoyo-3-2-1024x575.jpg\" class=\"attachment-large size-large\" alt=\"\" srcset=\"https:\/\/www.une.edu.pe\/Empresariales\/wp-content\/uploads\/2026\/03\/foto-apoyo-3-2-1024x575.jpg 1024w, https:\/\/www.une.edu.pe\/Empresariales\/wp-content\/uploads\/2026\/03\/foto-apoyo-3-2-300x168.jpg 300w, https:\/\/www.une.edu.pe\/Empresariales\/wp-content\/uploads\/2026\/03\/foto-apoyo-3-2-768x431.jpg 768w, https:\/\/www.une.edu.pe\/Empresariales\/wp-content\/uploads\/2026\/03\/foto-apoyo-3-2-1536x863.jpg 1536w, https:\/\/www.une.edu.pe\/Empresariales\/wp-content\/uploads\/2026\/03\/foto-apoyo-3-2-360x202.jpg 360w, https:\/\/www.une.edu.pe\/Empresariales\/wp-content\/uploads\/2026\/03\/foto-apoyo-3-2.jpg 2048w\" sizes=\"(max-width: 847px) 100vw, 847px\" \/><\/a>\n\t\t\t<\/div><\/figure><figure class='gallery-item'>\n\t\t\t<div class='gallery-icon landscape'>\n\t\t\t\t<a href='https:\/\/www.une.edu.pe\/Empresariales\/taller-el-rol-de-la-inteligencia-emocional-en-las-actividades-academicas\/foto-apoyo-4-2\/'><img loading=\"lazy\" decoding=\"async\" width=\"847\" height=\"476\" src=\"https:\/\/www.une.edu.pe\/Empresariales\/wp-content\/uploads\/2026\/03\/foto-apoyo-4-2-1024x575.jpg\" class=\"attachment-large size-large\" alt=\"\" srcset=\"https:\/\/www.une.edu.pe\/Empresariales\/wp-content\/uploads\/2026\/03\/foto-apoyo-4-2-1024x575.jpg 1024w, https:\/\/www.une.edu.pe\/Empresariales\/wp-content\/uploads\/2026\/03\/foto-apoyo-4-2-300x168.jpg 300w, https:\/\/www.une.edu.pe\/Empresariales\/wp-content\/uploads\/2026\/03\/foto-apoyo-4-2-768x431.jpg 768w, https:\/\/www.une.edu.pe\/Empresariales\/wp-content\/uploads\/2026\/03\/foto-apoyo-4-2-1536x863.jpg 1536w, https:\/\/www.une.edu.pe\/Empresariales\/wp-content\/uploads\/2026\/03\/foto-apoyo-4-2-360x202.jpg 360w, https:\/\/www.une.edu.pe\/Empresariales\/wp-content\/uploads\/2026\/03\/foto-apoyo-4-2.jpg 2048w\" sizes=\"(max-width: 847px) 100vw, 847px\" \/><\/a>\n\t\t\t<\/div><\/figure><figure class='gallery-item'>\n\t\t\t<div class='gallery-icon landscape'>\n\t\t\t\t<a href='https:\/\/www.une.edu.pe\/Empresariales\/taller-el-rol-de-la-inteligencia-emocional-en-las-actividades-academicas\/foto-apoyo-5\/'><img loading=\"lazy\" decoding=\"async\" width=\"847\" height=\"476\" src=\"https:\/\/www.une.edu.pe\/Empresariales\/wp-content\/uploads\/2026\/03\/foto-apoyo-5-1024x575.jpg\" class=\"attachment-large size-large\" alt=\"\" srcset=\"https:\/\/www.une.edu.pe\/Empresariales\/wp-content\/uploads\/2026\/03\/foto-apoyo-5-1024x575.jpg 1024w, https:\/\/www.une.edu.pe\/Empresariales\/wp-content\/uploads\/2026\/03\/foto-apoyo-5-300x168.jpg 300w, https:\/\/www.une.edu.pe\/Empresariales\/wp-content\/uploads\/2026\/03\/foto-apoyo-5-768x431.jpg 768w, https:\/\/www.une.edu.pe\/Empresariales\/wp-content\/uploads\/2026\/03\/foto-apoyo-5-1536x863.jpg 1536w, https:\/\/www.une.edu.pe\/Empresariales\/wp-content\/uploads\/2026\/03\/foto-apoyo-5-360x202.jpg 360w, https:\/\/www.une.edu.pe\/Empresariales\/wp-content\/uploads\/2026\/03\/foto-apoyo-5.jpg 2048w\" sizes=\"(max-width: 847px) 100vw, 847px\" \/><\/a>\n\t\t\t<\/div><\/figure><figure class='gallery-item'>\n\t\t\t<div class='gallery-icon landscape'>\n\t\t\t\t<a href='https:\/\/www.une.edu.pe\/Empresariales\/taller-el-rol-de-la-inteligencia-emocional-en-las-actividades-academicas\/foto-apoyo-7\/'><img loading=\"lazy\" decoding=\"async\" width=\"847\" height=\"476\" src=\"https:\/\/www.une.edu.pe\/Empresariales\/wp-content\/uploads\/2026\/03\/foto-apoyo-7-1024x575.jpg\" class=\"attachment-large size-large\" alt=\"\" srcset=\"https:\/\/www.une.edu.pe\/Empresariales\/wp-content\/uploads\/2026\/03\/foto-apoyo-7-1024x575.jpg 1024w, https:\/\/www.une.edu.pe\/Empresariales\/wp-content\/uploads\/2026\/03\/foto-apoyo-7-300x168.jpg 300w, https:\/\/www.une.edu.pe\/Empresariales\/wp-content\/uploads\/2026\/03\/foto-apoyo-7-768x431.jpg 768w, https:\/\/www.une.edu.pe\/Empresariales\/wp-content\/uploads\/2026\/03\/foto-apoyo-7-1536x863.jpg 1536w, https:\/\/www.une.edu.pe\/Empresariales\/wp-content\/uploads\/2026\/03\/foto-apoyo-7-360x202.jpg 360w, https:\/\/www.une.edu.pe\/Empresariales\/wp-content\/uploads\/2026\/03\/foto-apoyo-7.jpg 2048w\" sizes=\"(max-width: 847px) 100vw, 847px\" \/><\/a>\n\t\t\t<\/div><\/figure><figure class='gallery-item'>\n\t\t\t<div class='gallery-icon landscape'>\n\t\t\t\t<a href='https:\/\/www.une.edu.pe\/Empresariales\/taller-el-rol-de-la-inteligencia-emocional-en-las-actividades-academicas\/foto-apoyo-8\/'><img loading=\"lazy\" decoding=\"async\" width=\"847\" height=\"476\" src=\"https:\/\/www.une.edu.pe\/Empresariales\/wp-content\/uploads\/2026\/03\/foto-apoyo-8-1024x575.jpg\" class=\"attachment-large size-large\" alt=\"\" srcset=\"https:\/\/www.une.edu.pe\/Empresariales\/wp-content\/uploads\/2026\/03\/foto-apoyo-8-1024x575.jpg 1024w, https:\/\/www.une.edu.pe\/Empresariales\/wp-content\/uploads\/2026\/03\/foto-apoyo-8-300x168.jpg 300w, https:\/\/www.une.edu.pe\/Empresariales\/wp-content\/uploads\/2026\/03\/foto-apoyo-8-768x431.jpg 768w, https:\/\/www.une.edu.pe\/Empresariales\/wp-content\/uploads\/2026\/03\/foto-apoyo-8-1536x863.jpg 1536w, https:\/\/www.une.edu.pe\/Empresariales\/wp-content\/uploads\/2026\/03\/foto-apoyo-8-360x202.jpg 360w, https:\/\/www.une.edu.pe\/Empresariales\/wp-content\/uploads\/2026\/03\/foto-apoyo-8.jpg 2048w\" sizes=\"(max-width: 847px) 100vw, 847px\" \/><\/a>\n\t\t\t<\/div><\/figure><figure class='gallery-item'>\n\t\t\t<div class='gallery-icon landscape'>\n\t\t\t\t<a href='https:\/\/www.une.edu.pe\/Empresariales\/taller-el-rol-de-la-inteligencia-emocional-en-las-actividades-academicas\/foto-apoyo-9\/'><img loading=\"lazy\" decoding=\"async\" width=\"847\" height=\"476\" src=\"https:\/\/www.une.edu.pe\/Empresariales\/wp-content\/uploads\/2026\/03\/foto-apoyo-9-1024x575.jpg\" class=\"attachment-large size-large\" alt=\"\" srcset=\"https:\/\/www.une.edu.pe\/Empresariales\/wp-content\/uploads\/2026\/03\/foto-apoyo-9-1024x575.jpg 1024w, https:\/\/www.une.edu.pe\/Empresariales\/wp-content\/uploads\/2026\/03\/foto-apoyo-9-300x168.jpg 300w, https:\/\/www.une.edu.pe\/Empresariales\/wp-content\/uploads\/2026\/03\/foto-apoyo-9-768x431.jpg 768w, https:\/\/www.une.edu.pe\/Empresariales\/wp-content\/uploads\/2026\/03\/foto-apoyo-9-1536x863.jpg 1536w, https:\/\/www.une.edu.pe\/Empresariales\/wp-content\/uploads\/2026\/03\/foto-apoyo-9-360x202.jpg 360w, https:\/\/www.une.edu.pe\/Empresariales\/wp-content\/uploads\/2026\/03\/foto-apoyo-9.jpg 2048w\" sizes=\"(max-width: 847px) 100vw, 847px\" \/><\/a>\n\t\t\t<\/div><\/figure>\n\t\t<\/div>\n\n","protected":false},"excerpt":{"rendered":"<p>La Facultad de Ciencias Empresariales &#8211; UNE, a trav\u00e9s de la Coordinaci\u00f3n de Tutor\u00eda y Consejer\u00eda, dirigida por la Mtra. Zhenya Zubieta Zu\u00f1iga, y con el valioso apoyo de la Direcci\u00f3n de Bienestar Universitario, mediante la Unidad de Servicios M\u00e9dicos <a href=\"https:\/\/www.une.edu.pe\/Empresariales\/taller-el-rol-de-la-inteligencia-emocional-en-las-actividades-academicas\/\" class=\"read-more\">Leer m\u00e1s&#8230;<\/a><\/p>\n","protected":false},"author":4,"featured_media":10293,"comment_status":"closed","ping_status":"closed","sticky":false,"template":"","format":"standard","meta":{"footnotes":""},"categories":[27],"tags":[],"class_list":["post-10292","post","type-post","status-publish","format-standard","has-post-thumbnail","hentry","category-tutoria"],"_links":{"self":[{"href":"https:\/\/www.une.edu.pe\/Empresariales\/wp-json\/wp\/v2\/posts\/10292","targetHints":{"allow":["GET"]}}],"collection":[{"href":"https:\/\/www.une.edu.pe\/Empresariales\/wp-json\/wp\/v2\/posts"}],"about":[{"href":"https:\/\/www.une.edu.pe\/Empresariales\/wp-json\/wp\/v2\/types\/post"}],"author":[{"embeddable":true,"href":"https:\/\/www.une.edu.pe\/Empresariales\/wp-json\/wp\/v2\/users\/4"}],"replies":[{"embeddable":true,"href":"https:\/\/www.une.edu.pe\/Empresariales\/wp-json\/wp\/v2\/comments?post=10292"}],"version-history":[{"count":1,"href":"https:\/\/www.une.edu.pe\/Empresariales\/wp-json\/wp\/v2\/posts\/10292\/revisions"}],"predecessor-version":[{"id":10302,"href":"https:\/\/www.une.edu.pe\/Empresariales\/wp-json\/wp\/v2\/posts\/10292\/revisions\/10302"}],"wp:featuredmedia":[{"embeddable":true,"href":"https:\/\/www.une.edu.pe\/Empresariales\/wp-json\/wp\/v2\/media\/10293"}],"wp:attachment":[{"href":"https:\/\/www.une.edu.pe\/Empresariales\/wp-json\/wp\/v2\/media?parent=10292"}],"wp:term":[{"taxonomy":"category","embeddable":true,"href":"https:\/\/www.une.edu.pe\/Empresariales\/wp-json\/wp\/v2\/categories?post=10292"},{"taxonomy":"post_tag","embeddable":true,"href":"https:\/\/www.une.edu.pe\/Empresariales\/wp-json\/wp\/v2\/tags?post=10292"}],"curies":[{"name":"wp","href":"https:\/\/api.w.org\/{rel}","templated":true}]}}