{"id":10284,"date":"2026-03-09T17:13:50","date_gmt":"2026-03-09T22:13:50","guid":{"rendered":"https:\/\/www.une.edu.pe\/Empresariales\/?p=10284"},"modified":"2026-03-09T17:13:50","modified_gmt":"2026-03-09T22:13:50","slug":"reunion-de-delegados-2025-i","status":"publish","type":"post","link":"https:\/\/www.une.edu.pe\/Empresariales\/reunion-de-delegados-2025-i\/","title":{"rendered":"Reuni\u00f3n de delegados 2025-I"},"content":{"rendered":"<p>La <strong>Coordinaci\u00f3n de Tutor\u00eda y Consejer\u00eda <\/strong>de la Facultad de Ciencias Empresariales &#8211; UNE a cargo de la Mtra. Zhenya Zubieta Zu\u00f1iga, realiz\u00f3 una reuni\u00f3n de coordinaci\u00f3n el viernes 6 de junio con los delegados de los cuatro programas de estudio, con el prop\u00f3sito de comunicar aspectos importantes relacionados al semestre acad\u00e9mico, as\u00ed como conocer el estado actual de la tutor\u00eda por sal\u00f3n.<\/p>\n<p>Finalmente, la Coordinaci\u00f3n de Tutor\u00eda y Consejer\u00eda se comprometi\u00f3 a realizar un seguimiento continuo a las gestiones y reportes realizados por los delegados, asegurando as\u00ed que las actividades y acciones de tutor\u00eda tengan un impacto efectivo y oportuno en la comunidad estudiantil.<\/p>\n<p>6 de junio del 2025.<\/p>\n<div id='gallery-1' class='gallery galleryid-10284 gallery-columns-2 gallery-size-large'><figure class='gallery-item'>\n\t\t\t<div class='gallery-icon landscape'>\n\t\t\t\t<a href='https:\/\/www.une.edu.pe\/Empresariales\/reunion-de-delegados-2025-i\/foto-apoyo-1-2\/'><img fetchpriority=\"high\" decoding=\"async\" width=\"847\" height=\"476\" src=\"https:\/\/www.une.edu.pe\/Empresariales\/wp-content\/uploads\/2026\/03\/foto-apoyo-1-2-1024x575.jpg\" class=\"attachment-large size-large\" alt=\"\" srcset=\"https:\/\/www.une.edu.pe\/Empresariales\/wp-content\/uploads\/2026\/03\/foto-apoyo-1-2-1024x575.jpg 1024w, https:\/\/www.une.edu.pe\/Empresariales\/wp-content\/uploads\/2026\/03\/foto-apoyo-1-2-300x168.jpg 300w, https:\/\/www.une.edu.pe\/Empresariales\/wp-content\/uploads\/2026\/03\/foto-apoyo-1-2-768x431.jpg 768w, https:\/\/www.une.edu.pe\/Empresariales\/wp-content\/uploads\/2026\/03\/foto-apoyo-1-2-1536x863.jpg 1536w, https:\/\/www.une.edu.pe\/Empresariales\/wp-content\/uploads\/2026\/03\/foto-apoyo-1-2-360x202.jpg 360w, https:\/\/www.une.edu.pe\/Empresariales\/wp-content\/uploads\/2026\/03\/foto-apoyo-1-2.jpg 2048w\" sizes=\"(max-width: 847px) 100vw, 847px\" \/><\/a>\n\t\t\t<\/div><\/figure><figure class='gallery-item'>\n\t\t\t<div class='gallery-icon landscape'>\n\t\t\t\t<a href='https:\/\/www.une.edu.pe\/Empresariales\/reunion-de-delegados-2025-i\/foto-apoyo-2-2\/'><img decoding=\"async\" width=\"847\" height=\"476\" src=\"https:\/\/www.une.edu.pe\/Empresariales\/wp-content\/uploads\/2026\/03\/foto-apoyo-2-2-1024x575.jpg\" class=\"attachment-large size-large\" alt=\"\" srcset=\"https:\/\/www.une.edu.pe\/Empresariales\/wp-content\/uploads\/2026\/03\/foto-apoyo-2-2-1024x575.jpg 1024w, https:\/\/www.une.edu.pe\/Empresariales\/wp-content\/uploads\/2026\/03\/foto-apoyo-2-2-300x168.jpg 300w, https:\/\/www.une.edu.pe\/Empresariales\/wp-content\/uploads\/2026\/03\/foto-apoyo-2-2-768x431.jpg 768w, https:\/\/www.une.edu.pe\/Empresariales\/wp-content\/uploads\/2026\/03\/foto-apoyo-2-2-1536x863.jpg 1536w, https:\/\/www.une.edu.pe\/Empresariales\/wp-content\/uploads\/2026\/03\/foto-apoyo-2-2-360x202.jpg 360w, https:\/\/www.une.edu.pe\/Empresariales\/wp-content\/uploads\/2026\/03\/foto-apoyo-2-2.jpg 2048w\" sizes=\"(max-width: 847px) 100vw, 847px\" \/><\/a>\n\t\t\t<\/div><\/figure><figure class='gallery-item'>\n\t\t\t<div class='gallery-icon landscape'>\n\t\t\t\t<a href='https:\/\/www.une.edu.pe\/Empresariales\/reunion-de-delegados-2025-i\/foto-apoyo-3-1\/'><img decoding=\"async\" width=\"847\" height=\"476\" src=\"https:\/\/www.une.edu.pe\/Empresariales\/wp-content\/uploads\/2026\/03\/foto-apoyo-3-1-1024x575.jpg\" class=\"attachment-large size-large\" alt=\"\" srcset=\"https:\/\/www.une.edu.pe\/Empresariales\/wp-content\/uploads\/2026\/03\/foto-apoyo-3-1-1024x575.jpg 1024w, https:\/\/www.une.edu.pe\/Empresariales\/wp-content\/uploads\/2026\/03\/foto-apoyo-3-1-300x168.jpg 300w, https:\/\/www.une.edu.pe\/Empresariales\/wp-content\/uploads\/2026\/03\/foto-apoyo-3-1-768x431.jpg 768w, https:\/\/www.une.edu.pe\/Empresariales\/wp-content\/uploads\/2026\/03\/foto-apoyo-3-1-1536x863.jpg 1536w, https:\/\/www.une.edu.pe\/Empresariales\/wp-content\/uploads\/2026\/03\/foto-apoyo-3-1-360x202.jpg 360w, https:\/\/www.une.edu.pe\/Empresariales\/wp-content\/uploads\/2026\/03\/foto-apoyo-3-1.jpg 2048w\" sizes=\"(max-width: 847px) 100vw, 847px\" \/><\/a>\n\t\t\t<\/div><\/figure><figure class='gallery-item'>\n\t\t\t<div class='gallery-icon landscape'>\n\t\t\t\t<a href='https:\/\/www.une.edu.pe\/Empresariales\/reunion-de-delegados-2025-i\/foto-apoyo-4-1-2\/'><img loading=\"lazy\" decoding=\"async\" width=\"847\" height=\"476\" src=\"https:\/\/www.une.edu.pe\/Empresariales\/wp-content\/uploads\/2026\/03\/foto-apoyo-4-1-1-1024x575.jpg\" class=\"attachment-large size-large\" alt=\"\" srcset=\"https:\/\/www.une.edu.pe\/Empresariales\/wp-content\/uploads\/2026\/03\/foto-apoyo-4-1-1-1024x575.jpg 1024w, https:\/\/www.une.edu.pe\/Empresariales\/wp-content\/uploads\/2026\/03\/foto-apoyo-4-1-1-300x168.jpg 300w, https:\/\/www.une.edu.pe\/Empresariales\/wp-content\/uploads\/2026\/03\/foto-apoyo-4-1-1-768x431.jpg 768w, https:\/\/www.une.edu.pe\/Empresariales\/wp-content\/uploads\/2026\/03\/foto-apoyo-4-1-1-1536x863.jpg 1536w, https:\/\/www.une.edu.pe\/Empresariales\/wp-content\/uploads\/2026\/03\/foto-apoyo-4-1-1-360x202.jpg 360w, https:\/\/www.une.edu.pe\/Empresariales\/wp-content\/uploads\/2026\/03\/foto-apoyo-4-1-1.jpg 2048w\" sizes=\"(max-width: 847px) 100vw, 847px\" \/><\/a>\n\t\t\t<\/div><\/figure>\n\t\t<\/div>\n\n","protected":false},"excerpt":{"rendered":"<p>La Coordinaci\u00f3n de Tutor\u00eda y Consejer\u00eda de la Facultad de Ciencias Empresariales &#8211; UNE a cargo de la Mtra. Zhenya Zubieta Zu\u00f1iga, realiz\u00f3 una reuni\u00f3n de coordinaci\u00f3n el viernes 6 de junio con los delegados de los cuatro programas de <a href=\"https:\/\/www.une.edu.pe\/Empresariales\/reunion-de-delegados-2025-i\/\" class=\"read-more\">Leer m\u00e1s&#8230;<\/a><\/p>\n","protected":false},"author":4,"featured_media":10285,"comment_status":"closed","ping_status":"closed","sticky":false,"template":"","format":"standard","meta":{"footnotes":""},"categories":[27],"tags":[],"class_list":["post-10284","post","type-post","status-publish","format-standard","has-post-thumbnail","hentry","category-tutoria"],"_links":{"self":[{"href":"https:\/\/www.une.edu.pe\/Empresariales\/wp-json\/wp\/v2\/posts\/10284","targetHints":{"allow":["GET"]}}],"collection":[{"href":"https:\/\/www.une.edu.pe\/Empresariales\/wp-json\/wp\/v2\/posts"}],"about":[{"href":"https:\/\/www.une.edu.pe\/Empresariales\/wp-json\/wp\/v2\/types\/post"}],"author":[{"embeddable":true,"href":"https:\/\/www.une.edu.pe\/Empresariales\/wp-json\/wp\/v2\/users\/4"}],"replies":[{"embeddable":true,"href":"https:\/\/www.une.edu.pe\/Empresariales\/wp-json\/wp\/v2\/comments?post=10284"}],"version-history":[{"count":1,"href":"https:\/\/www.une.edu.pe\/Empresariales\/wp-json\/wp\/v2\/posts\/10284\/revisions"}],"predecessor-version":[{"id":10291,"href":"https:\/\/www.une.edu.pe\/Empresariales\/wp-json\/wp\/v2\/posts\/10284\/revisions\/10291"}],"wp:featuredmedia":[{"embeddable":true,"href":"https:\/\/www.une.edu.pe\/Empresariales\/wp-json\/wp\/v2\/media\/10285"}],"wp:attachment":[{"href":"https:\/\/www.une.edu.pe\/Empresariales\/wp-json\/wp\/v2\/media?parent=10284"}],"wp:term":[{"taxonomy":"category","embeddable":true,"href":"https:\/\/www.une.edu.pe\/Empresariales\/wp-json\/wp\/v2\/categories?post=10284"},{"taxonomy":"post_tag","embeddable":true,"href":"https:\/\/www.une.edu.pe\/Empresariales\/wp-json\/wp\/v2\/tags?post=10284"}],"curies":[{"name":"wp","href":"https:\/\/api.w.org\/{rel}","templated":true}]}}