{"id":10265,"date":"2026-03-09T16:58:29","date_gmt":"2026-03-09T21:58:29","guid":{"rendered":"https:\/\/www.une.edu.pe\/Empresariales\/?p=10265"},"modified":"2026-03-09T18:16:05","modified_gmt":"2026-03-09T23:16:05","slug":"taller-de-dinamicas-en-aula-para-docentes-face-une","status":"publish","type":"post","link":"https:\/\/www.une.edu.pe\/Empresariales\/taller-de-dinamicas-en-aula-para-docentes-face-une\/","title":{"rendered":"Taller de din\u00e1micas en aula para docentes FACE-UNE"},"content":{"rendered":"<p>Con el compromiso de fortalecer el rol del docente como gu\u00eda y orientador, la <strong>Coordinaci\u00f3n de Tutor\u00eda y Consejer\u00eda <\/strong>de la Facultad de Ciencias Empresariales &#8211; UNE, en conjunto con la <strong>Unidad de Recursos Humanos<\/strong>, desarroll\u00f3 con \u00e9xito el Taller de din\u00e1micas en aula para docentes.<\/p>\n<p>La jornada estuvo a cargo del psic\u00f3logo Alberto Flores Curotto, quien brind\u00f3 estrategias pr\u00e1cticas y herramientas din\u00e1micas para enriquecer las sesiones de tutor\u00eda grupal. La actividad cont\u00f3 con la participaci\u00f3n de nuestros docentes, quienes compartieron experiencias y reflexionaron sobre su importante labor formativa.<\/p>\n<p>7 de mayo del 2025.<\/p>\n<div id='gallery-1' class='gallery galleryid-10265 gallery-columns-1 gallery-size-large'><figure class='gallery-item'>\n\t\t\t<div class='gallery-icon landscape'>\n\t\t\t\t<a href='https:\/\/www.une.edu.pe\/Empresariales\/taller-de-dinamicas-en-aula-para-docentes-face-une\/foto-apoyo-1-1\/'><img fetchpriority=\"high\" decoding=\"async\" width=\"847\" height=\"565\" src=\"https:\/\/www.une.edu.pe\/Empresariales\/wp-content\/uploads\/2026\/03\/foto-apoyo-1-1-1024x683.jpg\" class=\"attachment-large size-large\" alt=\"\" srcset=\"https:\/\/www.une.edu.pe\/Empresariales\/wp-content\/uploads\/2026\/03\/foto-apoyo-1-1-1024x683.jpg 1024w, https:\/\/www.une.edu.pe\/Empresariales\/wp-content\/uploads\/2026\/03\/foto-apoyo-1-1-300x200.jpg 300w, https:\/\/www.une.edu.pe\/Empresariales\/wp-content\/uploads\/2026\/03\/foto-apoyo-1-1-768x512.jpg 768w, https:\/\/www.une.edu.pe\/Empresariales\/wp-content\/uploads\/2026\/03\/foto-apoyo-1-1-1536x1024.jpg 1536w, https:\/\/www.une.edu.pe\/Empresariales\/wp-content\/uploads\/2026\/03\/foto-apoyo-1-1-360x240.jpg 360w, https:\/\/www.une.edu.pe\/Empresariales\/wp-content\/uploads\/2026\/03\/foto-apoyo-1-1.jpg 2048w\" sizes=\"(max-width: 847px) 100vw, 847px\" \/><\/a>\n\t\t\t<\/div><\/figure><figure class='gallery-item'>\n\t\t\t<div class='gallery-icon landscape'>\n\t\t\t\t<a href='https:\/\/www.une.edu.pe\/Empresariales\/taller-de-dinamicas-en-aula-para-docentes-face-une\/foto-apoyo-2-1\/'><img decoding=\"async\" width=\"847\" height=\"565\" src=\"https:\/\/www.une.edu.pe\/Empresariales\/wp-content\/uploads\/2026\/03\/foto-apoyo-2-1-1024x683.jpg\" class=\"attachment-large size-large\" alt=\"\" srcset=\"https:\/\/www.une.edu.pe\/Empresariales\/wp-content\/uploads\/2026\/03\/foto-apoyo-2-1-1024x683.jpg 1024w, https:\/\/www.une.edu.pe\/Empresariales\/wp-content\/uploads\/2026\/03\/foto-apoyo-2-1-300x200.jpg 300w, https:\/\/www.une.edu.pe\/Empresariales\/wp-content\/uploads\/2026\/03\/foto-apoyo-2-1-768x512.jpg 768w, https:\/\/www.une.edu.pe\/Empresariales\/wp-content\/uploads\/2026\/03\/foto-apoyo-2-1-1536x1024.jpg 1536w, https:\/\/www.une.edu.pe\/Empresariales\/wp-content\/uploads\/2026\/03\/foto-apoyo-2-1-360x240.jpg 360w, https:\/\/www.une.edu.pe\/Empresariales\/wp-content\/uploads\/2026\/03\/foto-apoyo-2-1.jpg 2048w\" sizes=\"(max-width: 847px) 100vw, 847px\" \/><\/a>\n\t\t\t<\/div><\/figure><figure class='gallery-item'>\n\t\t\t<div class='gallery-icon landscape'>\n\t\t\t\t<a href='https:\/\/www.une.edu.pe\/Empresariales\/taller-de-dinamicas-en-aula-para-docentes-face-une\/foto-apoyo-3\/'><img decoding=\"async\" width=\"847\" height=\"565\" src=\"https:\/\/www.une.edu.pe\/Empresariales\/wp-content\/uploads\/2026\/03\/foto-apoyo-3-1024x683.jpg\" class=\"attachment-large size-large\" alt=\"\" srcset=\"https:\/\/www.une.edu.pe\/Empresariales\/wp-content\/uploads\/2026\/03\/foto-apoyo-3-1024x683.jpg 1024w, https:\/\/www.une.edu.pe\/Empresariales\/wp-content\/uploads\/2026\/03\/foto-apoyo-3-300x200.jpg 300w, https:\/\/www.une.edu.pe\/Empresariales\/wp-content\/uploads\/2026\/03\/foto-apoyo-3-768x512.jpg 768w, https:\/\/www.une.edu.pe\/Empresariales\/wp-content\/uploads\/2026\/03\/foto-apoyo-3-1536x1024.jpg 1536w, https:\/\/www.une.edu.pe\/Empresariales\/wp-content\/uploads\/2026\/03\/foto-apoyo-3-360x240.jpg 360w, https:\/\/www.une.edu.pe\/Empresariales\/wp-content\/uploads\/2026\/03\/foto-apoyo-3.jpg 2048w\" sizes=\"(max-width: 847px) 100vw, 847px\" \/><\/a>\n\t\t\t<\/div><\/figure><figure class='gallery-item'>\n\t\t\t<div class='gallery-icon landscape'>\n\t\t\t\t<a href='https:\/\/www.une.edu.pe\/Empresariales\/taller-de-dinamicas-en-aula-para-docentes-face-une\/foto-apoyo-4\/'><img loading=\"lazy\" decoding=\"async\" width=\"847\" height=\"565\" src=\"https:\/\/www.une.edu.pe\/Empresariales\/wp-content\/uploads\/2026\/03\/foto-apoyo-4-1024x683.jpg\" class=\"attachment-large size-large\" alt=\"\" srcset=\"https:\/\/www.une.edu.pe\/Empresariales\/wp-content\/uploads\/2026\/03\/foto-apoyo-4-1024x683.jpg 1024w, https:\/\/www.une.edu.pe\/Empresariales\/wp-content\/uploads\/2026\/03\/foto-apoyo-4-300x200.jpg 300w, https:\/\/www.une.edu.pe\/Empresariales\/wp-content\/uploads\/2026\/03\/foto-apoyo-4-768x512.jpg 768w, https:\/\/www.une.edu.pe\/Empresariales\/wp-content\/uploads\/2026\/03\/foto-apoyo-4-1536x1024.jpg 1536w, https:\/\/www.une.edu.pe\/Empresariales\/wp-content\/uploads\/2026\/03\/foto-apoyo-4-360x240.jpg 360w, https:\/\/www.une.edu.pe\/Empresariales\/wp-content\/uploads\/2026\/03\/foto-apoyo-4.jpg 2048w\" sizes=\"(max-width: 847px) 100vw, 847px\" \/><\/a>\n\t\t\t<\/div><\/figure>\n\t\t<\/div>\n\n","protected":false},"excerpt":{"rendered":"<p>Con el compromiso de fortalecer el rol del docente como gu\u00eda y orientador, la Coordinaci\u00f3n de Tutor\u00eda y Consejer\u00eda de la Facultad de Ciencias Empresariales &#8211; UNE, en conjunto con la Unidad de Recursos Humanos, desarroll\u00f3 con \u00e9xito el Taller <a href=\"https:\/\/www.une.edu.pe\/Empresariales\/taller-de-dinamicas-en-aula-para-docentes-face-une\/\" class=\"read-more\">Leer m\u00e1s&#8230;<\/a><\/p>\n","protected":false},"author":4,"featured_media":10266,"comment_status":"closed","ping_status":"closed","sticky":false,"template":"","format":"standard","meta":{"footnotes":""},"categories":[27],"tags":[],"class_list":["post-10265","post","type-post","status-publish","format-standard","has-post-thumbnail","hentry","category-tutoria"],"_links":{"self":[{"href":"https:\/\/www.une.edu.pe\/Empresariales\/wp-json\/wp\/v2\/posts\/10265","targetHints":{"allow":["GET"]}}],"collection":[{"href":"https:\/\/www.une.edu.pe\/Empresariales\/wp-json\/wp\/v2\/posts"}],"about":[{"href":"https:\/\/www.une.edu.pe\/Empresariales\/wp-json\/wp\/v2\/types\/post"}],"author":[{"embeddable":true,"href":"https:\/\/www.une.edu.pe\/Empresariales\/wp-json\/wp\/v2\/users\/4"}],"replies":[{"embeddable":true,"href":"https:\/\/www.une.edu.pe\/Empresariales\/wp-json\/wp\/v2\/comments?post=10265"}],"version-history":[{"count":5,"href":"https:\/\/www.une.edu.pe\/Empresariales\/wp-json\/wp\/v2\/posts\/10265\/revisions"}],"predecessor-version":[{"id":10350,"href":"https:\/\/www.une.edu.pe\/Empresariales\/wp-json\/wp\/v2\/posts\/10265\/revisions\/10350"}],"wp:featuredmedia":[{"embeddable":true,"href":"https:\/\/www.une.edu.pe\/Empresariales\/wp-json\/wp\/v2\/media\/10266"}],"wp:attachment":[{"href":"https:\/\/www.une.edu.pe\/Empresariales\/wp-json\/wp\/v2\/media?parent=10265"}],"wp:term":[{"taxonomy":"category","embeddable":true,"href":"https:\/\/www.une.edu.pe\/Empresariales\/wp-json\/wp\/v2\/categories?post=10265"},{"taxonomy":"post_tag","embeddable":true,"href":"https:\/\/www.une.edu.pe\/Empresariales\/wp-json\/wp\/v2\/tags?post=10265"}],"curies":[{"name":"wp","href":"https:\/\/api.w.org\/{rel}","templated":true}]}}