{"id":10239,"date":"2026-03-04T12:33:36","date_gmt":"2026-03-04T17:33:36","guid":{"rendered":"https:\/\/www.une.edu.pe\/Empresariales\/?p=10239"},"modified":"2026-03-04T12:34:00","modified_gmt":"2026-03-04T17:34:00","slug":"i-charla-vocacional","status":"publish","type":"post","link":"https:\/\/www.une.edu.pe\/Empresariales\/i-charla-vocacional\/","title":{"rendered":"I Charla Vocacional FACE"},"content":{"rendered":"<div class=\"flex flex-col text-sm pb-25\">\n<article class=\"text-token-text-primary w-full focus:outline-none [--shadow-height:45px] has-data-writing-block:pointer-events-none has-data-writing-block:-mt-(--shadow-height) has-data-writing-block:pt-(--shadow-height) [&amp;:has([data-writing-block])&gt;*]:pointer-events-auto scroll-mt-[calc(var(--header-height)+min(200px,max(70px,20svh)))]\" dir=\"auto\" tabindex=\"-1\" data-turn-id=\"request-WEB:7127931d-9ea4-4710-b857-cf75fd01258f-9\" data-testid=\"conversation-turn-20\" data-scroll-anchor=\"true\" data-turn=\"assistant\">\n<div class=\"text-base my-auto mx-auto pb-10 [--thread-content-margin:--spacing(4)] @w-sm\/main:[--thread-content-margin:--spacing(6)] @w-lg\/main:[--thread-content-margin:--spacing(16)] px-(--thread-content-margin)\">\n<div class=\"[--thread-content-max-width:40rem] @w-lg\/main:[--thread-content-max-width:48rem] mx-auto max-w-(--thread-content-max-width) flex-1 group\/turn-messages focus-visible:outline-hidden relative flex w-full min-w-0 flex-col agent-turn\" tabindex=\"-1\">\n<div class=\"flex max-w-full flex-col grow\">\n<div class=\"min-h-8 text-message relative flex w-full flex-col items-end gap-2 text-start break-words whitespace-normal [.text-message+&amp;]:mt-1\" dir=\"auto\" data-message-author-role=\"assistant\" data-message-id=\"379865d4-e79f-4541-8e7c-767afafa9426\" data-message-model-slug=\"gpt-5-2\">\n<div class=\"flex w-full flex-col gap-1 empty:hidden first:pt-[1px]\">\n<div class=\"markdown prose dark:prose-invert w-full wrap-break-word dark markdown-new-styling\">\n<p data-start=\"163\" data-end=\"442\">La Facultad de Ciencias Empresariales de la <span class=\"hover:entity-accent entity-underline inline cursor-pointer align-baseline\"><span class=\"whitespace-normal\">Universidad Nacional de Educaci\u00f3n Enrique Guzm\u00e1n y Valle<\/span><\/span> invita a los estudiantes y egresados de educaci\u00f3n secundaria a participar en la <strong data-start=\"325\" data-end=\"353\">I Charla Vocacional FACE<\/strong>, un espacio dise\u00f1ado para orientar y acompa\u00f1ar en la elecci\u00f3n de su carrera profesional.<\/p>\n<p data-start=\"444\" data-end=\"544\">Durante la jornada, los asistentes podr\u00e1n conocer en detalle nuestras cuatro carreras profesionales:<\/p>\n<ul data-start=\"546\" data-end=\"663\">\n<li data-start=\"546\" data-end=\"561\">\n<p data-start=\"548\" data-end=\"561\">Gastronom\u00eda<\/p>\n<\/li>\n<li data-start=\"562\" data-end=\"585\">\n<p data-start=\"564\" data-end=\"585\">Turismo y Hoteler\u00eda<\/p>\n<\/li>\n<li data-start=\"586\" data-end=\"616\">\n<p data-start=\"588\" data-end=\"616\">Administraci\u00f3n de Empresas<\/p>\n<\/li>\n<li data-start=\"617\" data-end=\"663\">\n<p data-start=\"619\" data-end=\"663\">Administraci\u00f3n de Negocios Internacionales<\/p>\n<\/li>\n<\/ul>\n<p data-start=\"665\" data-end=\"828\">Se brindar\u00e1 informaci\u00f3n sobre el perfil profesional, campo laboral, oportunidades de desarrollo y se absolver\u00e1n consultas directamente con docentes de la Facultad.<\/p>\n<h3 data-start=\"830\" data-end=\"851\">Datos del evento:<\/h3>\n<p data-start=\"852\" data-end=\"1056\"><strong data-start=\"852\" data-end=\"862\">Fecha:<\/strong> Viernes 6 de marzo<br data-start=\"881\" data-end=\"884\" \/><strong data-start=\"884\" data-end=\"893\">Hora:<\/strong> 3:00 p.m.<br data-start=\"903\" data-end=\"906\" \/><strong data-start=\"906\" data-end=\"916\">Lugar:<\/strong> Auditorio de la Facultad de Ciencias Empresariales<br data-start=\"967\" data-end=\"970\" \/>Jr. P\u00edo Sarobe N.\u00b0 200, Urb. La Huerta \u2013 R\u00edmac<br data-start=\"1016\" data-end=\"1019\" \/><strong data-start=\"1019\" data-end=\"1054\">Ingreso libre (previo registro)<\/strong><\/p>\n<p data-start=\"1058\" data-end=\"1133\">\ud83d\udccc Registro en el siguiente enlace:<br data-start=\"1093\" data-end=\"1096\" \/><a class=\"decorated-link\" href=\"https:\/\/forms.gle\/F1vUssm2CtKoRuLA9\" target=\"_new\" rel=\"noopener\" data-start=\"1096\" data-end=\"1131\">https:\/\/forms.gle\/F1vUssm2CtKoRuLA9<\/a><\/p>\n<p data-start=\"1135\" data-end=\"1260\" data-is-last-node=\"\" data-is-only-node=\"\">La Facultad reafirma as\u00ed su compromiso con la orientaci\u00f3n vocacional y la formaci\u00f3n de futuros profesionales. \u00a1Los esperamos!<\/p>\n<\/div>\n<\/div>\n<\/div>\n<\/div>\n<div class=\"z-0 flex min-h-[46px] justify-start\"><\/div>\n<div class=\"mt-3 w-full empty:hidden\">\n<div class=\"text-center\"><\/div>\n<\/div>\n<\/div>\n<\/div>\n<\/article>\n<\/div>\n<div class=\"pointer-events-none h-px w-px absolute bottom-0\" aria-hidden=\"true\" data-edge=\"true\"><\/div>\n","protected":false},"excerpt":{"rendered":"<p>La Facultad de Ciencias Empresariales de la Universidad Nacional de Educaci\u00f3n Enrique Guzm\u00e1n y Valle invita a los estudiantes y egresados de educaci\u00f3n secundaria a participar en la I Charla Vocacional FACE, un espacio dise\u00f1ado para orientar y acompa\u00f1ar en <a href=\"https:\/\/www.une.edu.pe\/Empresariales\/i-charla-vocacional\/\" class=\"read-more\">Leer m\u00e1s&#8230;<\/a><\/p>\n","protected":false},"author":4,"featured_media":10240,"comment_status":"closed","ping_status":"closed","sticky":false,"template":"","format":"standard","meta":{"footnotes":""},"categories":[2],"tags":[],"class_list":["post-10239","post","type-post","status-publish","format-standard","has-post-thumbnail","hentry","category-eventos"],"_links":{"self":[{"href":"https:\/\/www.une.edu.pe\/Empresariales\/wp-json\/wp\/v2\/posts\/10239","targetHints":{"allow":["GET"]}}],"collection":[{"href":"https:\/\/www.une.edu.pe\/Empresariales\/wp-json\/wp\/v2\/posts"}],"about":[{"href":"https:\/\/www.une.edu.pe\/Empresariales\/wp-json\/wp\/v2\/types\/post"}],"author":[{"embeddable":true,"href":"https:\/\/www.une.edu.pe\/Empresariales\/wp-json\/wp\/v2\/users\/4"}],"replies":[{"embeddable":true,"href":"https:\/\/www.une.edu.pe\/Empresariales\/wp-json\/wp\/v2\/comments?post=10239"}],"version-history":[{"count":2,"href":"https:\/\/www.une.edu.pe\/Empresariales\/wp-json\/wp\/v2\/posts\/10239\/revisions"}],"predecessor-version":[{"id":10242,"href":"https:\/\/www.une.edu.pe\/Empresariales\/wp-json\/wp\/v2\/posts\/10239\/revisions\/10242"}],"wp:featuredmedia":[{"embeddable":true,"href":"https:\/\/www.une.edu.pe\/Empresariales\/wp-json\/wp\/v2\/media\/10240"}],"wp:attachment":[{"href":"https:\/\/www.une.edu.pe\/Empresariales\/wp-json\/wp\/v2\/media?parent=10239"}],"wp:term":[{"taxonomy":"category","embeddable":true,"href":"https:\/\/www.une.edu.pe\/Empresariales\/wp-json\/wp\/v2\/categories?post=10239"},{"taxonomy":"post_tag","embeddable":true,"href":"https:\/\/www.une.edu.pe\/Empresariales\/wp-json\/wp\/v2\/tags?post=10239"}],"curies":[{"name":"wp","href":"https:\/\/api.w.org\/{rel}","templated":true}]}}