{"id":10114,"date":"2025-10-21T18:14:39","date_gmt":"2025-10-21T23:14:39","guid":{"rendered":"https:\/\/www.une.edu.pe\/Ciencias\/?p=10114"},"modified":"2025-10-21T18:19:42","modified_gmt":"2025-10-21T23:19:42","slug":"capacitacion-docente-inteligencia-artificial-aplicada","status":"publish","type":"post","link":"https:\/\/www.une.edu.pe\/Ciencias\/2025\/10\/21\/capacitacion-docente-inteligencia-artificial-aplicada\/","title":{"rendered":"Capacitaci\u00f3n docente &#8211; Inteligencia Artificial Aplicada"},"content":{"rendered":"\t\t<div data-elementor-type=\"wp-post\" data-elementor-id=\"10114\" class=\"elementor elementor-10114\">\n\t\t\t\t\t\t<section class=\"elementor-section elementor-top-section elementor-element elementor-element-a9482e6 elementor-section-boxed elementor-section-height-default elementor-section-height-default\" data-id=\"a9482e6\" data-element_type=\"section\" data-e-type=\"section\">\n\t\t\t\t\t\t<div class=\"elementor-container elementor-column-gap-default\">\n\t\t\t\t\t<div class=\"elementor-column elementor-col-100 elementor-top-column elementor-element elementor-element-50e8ef2\" data-id=\"50e8ef2\" data-element_type=\"column\" data-e-type=\"column\">\n\t\t\t<div class=\"elementor-widget-wrap elementor-element-populated\">\n\t\t\t\t\t\t<div class=\"elementor-element elementor-element-ce02742 elementor-widget elementor-widget-text-editor\" data-id=\"ce02742\" data-element_type=\"widget\" data-e-type=\"widget\" data-widget_type=\"text-editor.default\">\n\t\t\t\t<div class=\"elementor-widget-container\">\n\t\t\t\t\t\t\t\t\t<p><img decoding=\"async\" class=\"emoji\" role=\"img\" draggable=\"false\" src=\"https:\/\/s.w.org\/images\/core\/emoji\/14.0.0\/svg\/1f31f.svg\" alt=\"\ud83c\udf1f\" \/>\u00a0Capacitaci\u00f3n docente &#8211; Inteligencia Artificial Aplicada\u00a0<img decoding=\"async\" class=\"emoji\" role=\"img\" draggable=\"false\" src=\"https:\/\/s.w.org\/images\/core\/emoji\/14.0.0\/svg\/1f31f.svg\" alt=\"\ud83c\udf1f\" \/><\/p><p><img decoding=\"async\" class=\"emoji\" role=\"img\" draggable=\"false\" src=\"https:\/\/s.w.org\/images\/core\/emoji\/14.0.0\/svg\/1f4c5.svg\" alt=\"\ud83d\udcc5\" \/> Del 20 de octubre al 6 de noviembre<br \/><img decoding=\"async\" class=\"emoji\" role=\"img\" draggable=\"false\" src=\"https:\/\/s.w.org\/images\/core\/emoji\/14.0.0\/svg\/1f556.svg\" alt=\"\ud83d\udd56\" \/> Lunes y jueves \u2013 7:00 p.m. a 10:00 p.m.<br \/><img decoding=\"async\" class=\"emoji\" role=\"img\" draggable=\"false\" src=\"https:\/\/s.w.org\/images\/core\/emoji\/14.0.0\/svg\/1f4bb.svg\" alt=\"\ud83d\udcbb\" \/> Modalidad virtual (Google Meet): <a href=\"https:\/\/meet.google.com\/jfd-iidp-ovw\"><b>meet.google.com\/jfd-iidp-ovw<\/b><\/a><\/p><p><img decoding=\"async\" class=\"emoji\" role=\"img\" draggable=\"false\" src=\"https:\/\/s.w.org\/images\/core\/emoji\/14.0.0\/svg\/1f393.svg\" alt=\"\ud83c\udf93\" \/> Ponente: Dr. Hugo David Calder\u00f3n Vilca<br \/><img decoding=\"async\" class=\"emoji\" role=\"img\" draggable=\"false\" src=\"https:\/\/s.w.org\/images\/core\/emoji\/14.0.0\/svg\/1f4cd.svg\" alt=\"\ud83d\udccd\" \/> Organiza: Facultad de Ciencias \u2013 Escuela Profesional de Matem\u00e1tica e Inform\u00e1tica &#8211; Departamento Acad\u00e9mico de Inform\u00e1tica.<\/p><p><img decoding=\"async\" class=\"emoji\" role=\"img\" draggable=\"false\" src=\"https:\/\/s.w.org\/images\/core\/emoji\/14.0.0\/svg\/1f680.svg\" alt=\"\ud83d\ude80\" \/> Aprende a integrar la inteligencia artificial en tu pr\u00e1ctica docente:<\/p><p>&#8211; Avances de la IA en educaci\u00f3n<br \/>&#8211; Automatizaci\u00f3n de procesos educativos<br \/>&#8211; Asistentes virtuales y chatbots<br \/>&#8211; Educaci\u00f3n multiling\u00fce con IA<br \/>&#8211; Realidad aumentada y virtual<br \/>&#8211; Juegos educativos y gamificaci\u00f3n inteligente<\/p><p><img decoding=\"async\" class=\"emoji\" role=\"img\" draggable=\"false\" src=\"https:\/\/s.w.org\/images\/core\/emoji\/14.0.0\/svg\/1f4dd.svg\" alt=\"\ud83d\udcdd\" \/> Reg\u00edstrate aqu\u00ed: <a href=\"https:\/\/forms.gle\/UwTwgpF5onZuSj7K8\"><b>https:\/\/forms.gle\/UwTwgpF5onZuSj7K8<\/b><\/a><\/p><p><img decoding=\"async\" class=\"emoji\" role=\"img\" draggable=\"false\" src=\"https:\/\/s.w.org\/images\/core\/emoji\/14.0.0\/svg\/1f396.svg\" alt=\"\ud83c\udf96\ufe0f\" \/> Se entregar\u00e1n certificados.<br \/><img decoding=\"async\" class=\"emoji\" role=\"img\" draggable=\"false\" src=\"https:\/\/s.w.org\/images\/core\/emoji\/14.0.0\/svg\/1f4a1.svg\" alt=\"\ud83d\udca1\" \/> \u00a1Fortalece tus competencias docentes con el uso de la IA!<\/p>\t\t\t\t\t\t\t\t<\/div>\n\t\t\t\t<\/div>\n\t\t\t\t\t<\/div>\n\t\t<\/div>\n\t\t\t\t\t<\/div>\n\t\t<\/section>\n\t\t\t\t<\/div>\n\t\t","protected":false},"excerpt":{"rendered":"<p>\u00a0Capacitaci\u00f3n docente &#8211; Inteligencia Artificial Aplicada\u00a0 Del 20 de octubre al 6 de noviembre Lunes y jueves \u2013 7:00 p.m. a 10:00 p.m. Modalidad virtual (Google Meet): meet.google.com\/jfd-iidp-ovw Ponente: Dr. Hugo David Calder\u00f3n Vilca Organiza: Facultad de Ciencias \u2013 Escuela <a href=\"https:\/\/www.une.edu.pe\/Ciencias\/2025\/10\/21\/capacitacion-docente-inteligencia-artificial-aplicada\/\" class=\"read-more\">Leer m\u00e1s&#8230;<\/a><\/p>\n","protected":false},"author":4,"featured_media":10115,"comment_status":"open","ping_status":"open","sticky":false,"template":"","format":"standard","meta":{"footnotes":""},"categories":[2],"tags":[],"class_list":["post-10114","post","type-post","status-publish","format-standard","has-post-thumbnail","hentry","category-eventos"],"_links":{"self":[{"href":"https:\/\/www.une.edu.pe\/Ciencias\/wp-json\/wp\/v2\/posts\/10114","targetHints":{"allow":["GET"]}}],"collection":[{"href":"https:\/\/www.une.edu.pe\/Ciencias\/wp-json\/wp\/v2\/posts"}],"about":[{"href":"https:\/\/www.une.edu.pe\/Ciencias\/wp-json\/wp\/v2\/types\/post"}],"author":[{"embeddable":true,"href":"https:\/\/www.une.edu.pe\/Ciencias\/wp-json\/wp\/v2\/users\/4"}],"replies":[{"embeddable":true,"href":"https:\/\/www.une.edu.pe\/Ciencias\/wp-json\/wp\/v2\/comments?post=10114"}],"version-history":[{"count":13,"href":"https:\/\/www.une.edu.pe\/Ciencias\/wp-json\/wp\/v2\/posts\/10114\/revisions"}],"predecessor-version":[{"id":10128,"href":"https:\/\/www.une.edu.pe\/Ciencias\/wp-json\/wp\/v2\/posts\/10114\/revisions\/10128"}],"wp:featuredmedia":[{"embeddable":true,"href":"https:\/\/www.une.edu.pe\/Ciencias\/wp-json\/wp\/v2\/media\/10115"}],"wp:attachment":[{"href":"https:\/\/www.une.edu.pe\/Ciencias\/wp-json\/wp\/v2\/media?parent=10114"}],"wp:term":[{"taxonomy":"category","embeddable":true,"href":"https:\/\/www.une.edu.pe\/Ciencias\/wp-json\/wp\/v2\/categories?post=10114"},{"taxonomy":"post_tag","embeddable":true,"href":"https:\/\/www.une.edu.pe\/Ciencias\/wp-json\/wp\/v2\/tags?post=10114"}],"curies":[{"name":"wp","href":"https:\/\/api.w.org\/{rel}","templated":true}]}}