{"id":8358,"date":"2026-09-02T09:03:06","date_gmt":"2026-09-02T14:03:06","guid":{"rendered":"https:\/\/www.une.edu.pe\/Agropecuaria\/?p=8358"},"modified":"2026-09-02T09:09:05","modified_gmt":"2026-09-02T14:09:05","slug":"jornada-de-reforestacion-en-talcomachay","status":"publish","type":"post","link":"https:\/\/www.une.edu.pe\/Agropecuaria\/2026\/09\/02\/jornada-de-reforestacion-en-talcomachay\/","title":{"rendered":"Jornada de Reforestaci\u00f3n en Talcomachay"},"content":{"rendered":"\t\t<div data-elementor-type=\"wp-post\" data-elementor-id=\"8358\" class=\"elementor elementor-8358\">\n\t\t\t\t\t\t<section class=\"elementor-section elementor-top-section elementor-element elementor-element-ce579b8 elementor-section-boxed elementor-section-height-default elementor-section-height-default\" data-id=\"ce579b8\" data-element_type=\"section\" data-e-type=\"section\">\n\t\t\t\t\t\t<div class=\"elementor-container elementor-column-gap-default\">\n\t\t\t\t\t<div class=\"elementor-column elementor-col-100 elementor-top-column elementor-element elementor-element-792d6bd\" data-id=\"792d6bd\" data-element_type=\"column\" data-e-type=\"column\">\n\t\t\t<div class=\"elementor-widget-wrap elementor-element-populated\">\n\t\t\t\t\t\t<div class=\"elementor-element elementor-element-ca30255 elementor-widget elementor-widget-text-editor\" data-id=\"ca30255\" data-element_type=\"widget\" data-e-type=\"widget\" data-widget_type=\"text-editor.default\">\n\t\t\t\t<div class=\"elementor-widget-container\">\n\t\t\t\t\t\t\t\t\t<h3><span style=\"color: #000000;\"><b>\u00a1S\u00c9 PARTE DE LA JORNADA DE REFORESTACI\u00d3N EN\u00a0<\/b><b>TALCOMACHAY!<\/b><\/span><\/h3><h3><span style=\"color: #333333;\"><b>La Facultad de Agropecuaria y Nutrici\u00f3n, a trav\u00e9s del Departamento <\/b><b>Acad\u00e9mico de Agropecuaria y Desarrollo Sostenible, invita a todas las\u00a0<\/b><b>facultades a sumarse a esta importante actividad ambiental.<\/b><\/span><\/h3><h3><span style=\"color: #333333;\"><b>Detalles de la jornada:<\/b><\/span><\/h3><h3><span style=\"color: #333333;\"><b>Fecha: 4 de setiembre de 2026<\/b><\/span><\/h3><h3><span style=\"color: #333333;\"><b>Hora: 9:00 a. m.<\/b><\/span><\/h3><h3><span style=\"color: #333333;\"><b>Punto de encuentro: Capilla de la UNE<\/b><\/span><\/h3><h3><span style=\"color: #333333;\"><b>Programa de estudios: Desarrollo Ambiental \u2013 Promoci\u00f3n 2023<\/b><\/span><\/h3><h3><span style=\"color: #333333;\"><b>Inscripci\u00f3n: <a href=\"https:\/\/forms.gle\/FsbENghwCQy1TvgaA\"><span style=\"color: #0000ff;\">https:\/\/forms.gle\/FsbENghwCQy1TvgaA<\/span><\/a><\/b><\/span><\/h3><h3><span style=\"color: #333333;\"><b>Plataforma: tiktok.com\/@desarrollo_ambiental_une<\/b><\/span><\/h3><h3><span style=\"color: #333333;\"><b>Consultas: 901344160<\/b><\/span><\/h3><h3><span style=\"color: #333333;\"><b>Recomendaciones: llevar bloqueador solar, sombrero o gorra, botella de\u00a0<\/b><b>agua y zapatillas c\u00f3modas.<\/b><\/span><\/h3><h3><span style=\"color: #333333;\"><b>\u00a1Juntos hacemos la diferencia!<\/b><\/span><\/h3>\t\t\t\t\t\t\t\t<\/div>\n\t\t\t\t<\/div>\n\t\t\t\t\t<\/div>\n\t\t<\/div>\n\t\t\t\t\t<\/div>\n\t\t<\/section>\n\t\t\t\t<\/div>\n\t\t","protected":false},"excerpt":{"rendered":"<p>\u00a1S\u00c9 PARTE DE LA JORNADA DE REFORESTACI\u00d3N EN\u00a0TALCOMACHAY! La Facultad de Agropecuaria y Nutrici\u00f3n, a trav\u00e9s del Departamento Acad\u00e9mico de Agropecuaria y Desarrollo Sostenible, invita a todas las\u00a0facultades a sumarse a esta importante actividad ambiental. Detalles de la jornada: Fecha: <a href=\"https:\/\/www.une.edu.pe\/Agropecuaria\/2026\/09\/02\/jornada-de-reforestacion-en-talcomachay\/\" class=\"read-more\">Leer m\u00e1s&#8230;<\/a><\/p>\n","protected":false},"author":3,"featured_media":8360,"comment_status":"closed","ping_status":"closed","sticky":false,"template":"","format":"standard","meta":{"footnotes":""},"categories":[3],"tags":[],"class_list":["post-8358","post","type-post","status-publish","format-standard","has-post-thumbnail","hentry","category-comunicados"],"_links":{"self":[{"href":"https:\/\/www.une.edu.pe\/Agropecuaria\/wp-json\/wp\/v2\/posts\/8358","targetHints":{"allow":["GET"]}}],"collection":[{"href":"https:\/\/www.une.edu.pe\/Agropecuaria\/wp-json\/wp\/v2\/posts"}],"about":[{"href":"https:\/\/www.une.edu.pe\/Agropecuaria\/wp-json\/wp\/v2\/types\/post"}],"author":[{"embeddable":true,"href":"https:\/\/www.une.edu.pe\/Agropecuaria\/wp-json\/wp\/v2\/users\/3"}],"replies":[{"embeddable":true,"href":"https:\/\/www.une.edu.pe\/Agropecuaria\/wp-json\/wp\/v2\/comments?post=8358"}],"version-history":[{"count":7,"href":"https:\/\/www.une.edu.pe\/Agropecuaria\/wp-json\/wp\/v2\/posts\/8358\/revisions"}],"predecessor-version":[{"id":8366,"href":"https:\/\/www.une.edu.pe\/Agropecuaria\/wp-json\/wp\/v2\/posts\/8358\/revisions\/8366"}],"wp:featuredmedia":[{"embeddable":true,"href":"https:\/\/www.une.edu.pe\/Agropecuaria\/wp-json\/wp\/v2\/media\/8360"}],"wp:attachment":[{"href":"https:\/\/www.une.edu.pe\/Agropecuaria\/wp-json\/wp\/v2\/media?parent=8358"}],"wp:term":[{"taxonomy":"category","embeddable":true,"href":"https:\/\/www.une.edu.pe\/Agropecuaria\/wp-json\/wp\/v2\/categories?post=8358"},{"taxonomy":"post_tag","embeddable":true,"href":"https:\/\/www.une.edu.pe\/Agropecuaria\/wp-json\/wp\/v2\/tags?post=8358"}],"curies":[{"name":"wp","href":"https:\/\/api.w.org\/{rel}","templated":true}]}}